{"id":7562,"date":"2026-01-25T11:54:18","date_gmt":"2026-01-25T10:54:18","guid":{"rendered":"https:\/\/ccoo.app\/ajuntament-sant-boi-de-llobregat\/?p=7562"},"modified":"2026-01-30T13:02:53","modified_gmt":"2026-01-30T12:02:53","slug":"condol-luis-neira","status":"publish","type":"post","link":"https:\/\/ccoo.app\/ajuntament-sant-boi-de-llobregat\/condol-luis-neira\/","title":{"rendered":"CCOO expressa el seu condol per la mort del company Luis Neira"},"content":{"rendered":"\n<p>Des de CCOO hem conegut amb tristesa la mort del company <strong>Llu\u00eds Neira<\/strong>, que inicialment va treballar com a jardiner a la Brigada de Manteniment, i posteriorment com a ordenan\u00e7a a la Unitat de Serveis Auxiliars de l\u2019Ajuntament de Sant Boi.<\/p>\n\n\n\n<p>Volem fer arribar el nostre <strong>m\u00e9s sentit condol a la seva fam\u00edlia, amistats i a totes les companyes i companys<\/strong> que van compartir amb ell anys de feina, conviv\u00e8ncia i moments del dia a dia laboral.<\/p>\n\n\n\n<p>En aquests moments de dolor, <strong>acompanyem en el sentiment<\/strong> totes les persones que el van con\u00e8ixer i el van apreciar, i volem expressar el nostre respecte i record per la seva traject\u00f2ria com a treballador municipal.<\/p>\n\n\n\n<p>Descansi en pau.<\/p>\n\n\n\n<p><\/p>\n","protected":false},"excerpt":{"rendered":"<p>Hem conegut amb tristesa la mort del company Luis Neira, als 71 anys. El Luis havia treballat com a ordenan\u00e7a donant suport a la Unitat de Serveis Auxiliars de l\u2019Ajuntament de Sant Boi. Des de CCOO volem fer arribar el nostre m\u00e9s sentit condol a la seva fam\u00edlia, amistats i companys i companyes, i recordar amb estima tots els anys de feina i conviv\u00e8ncia compartits amb ell. Descansi en pau.<\/p>\n","protected":false},"author":97111,"featured_media":7603,"comment_status":"closed","ping_status":"closed","sticky":false,"template":"","format":"standard","meta":{"footnotes":""},"categories":[303],"tags":[],"class_list":["post-7562","post","type-post","status-publish","format-standard","has-post-thumbnail","hentry","category-hemeroteca","generate-columns","tablet-grid-50","mobile-grid-100","grid-parent","grid-33"],"_links":{"self":[{"href":"https:\/\/ccoo.app\/ajuntament-sant-boi-de-llobregat\/wp-json\/wp\/v2\/posts\/7562","targetHints":{"allow":["GET"]}}],"collection":[{"href":"https:\/\/ccoo.app\/ajuntament-sant-boi-de-llobregat\/wp-json\/wp\/v2\/posts"}],"about":[{"href":"https:\/\/ccoo.app\/ajuntament-sant-boi-de-llobregat\/wp-json\/wp\/v2\/types\/post"}],"author":[{"embeddable":true,"href":"https:\/\/ccoo.app\/ajuntament-sant-boi-de-llobregat\/wp-json\/wp\/v2\/users\/97111"}],"replies":[{"embeddable":true,"href":"https:\/\/ccoo.app\/ajuntament-sant-boi-de-llobregat\/wp-json\/wp\/v2\/comments?post=7562"}],"version-history":[{"count":4,"href":"https:\/\/ccoo.app\/ajuntament-sant-boi-de-llobregat\/wp-json\/wp\/v2\/posts\/7562\/revisions"}],"predecessor-version":[{"id":7607,"href":"https:\/\/ccoo.app\/ajuntament-sant-boi-de-llobregat\/wp-json\/wp\/v2\/posts\/7562\/revisions\/7607"}],"wp:featuredmedia":[{"embeddable":true,"href":"https:\/\/ccoo.app\/ajuntament-sant-boi-de-llobregat\/wp-json\/wp\/v2\/media\/7603"}],"wp:attachment":[{"href":"https:\/\/ccoo.app\/ajuntament-sant-boi-de-llobregat\/wp-json\/wp\/v2\/media?parent=7562"}],"wp:term":[{"taxonomy":"category","embeddable":true,"href":"https:\/\/ccoo.app\/ajuntament-sant-boi-de-llobregat\/wp-json\/wp\/v2\/categories?post=7562"},{"taxonomy":"post_tag","embeddable":true,"href":"https:\/\/ccoo.app\/ajuntament-sant-boi-de-llobregat\/wp-json\/wp\/v2\/tags?post=7562"}],"curies":[{"name":"wp","href":"https:\/\/api.w.org\/{rel}","templated":true}]}}