{"id":7864,"date":"2026-04-29T09:42:37","date_gmt":"2026-04-29T07:42:37","guid":{"rendered":"https:\/\/ccoo.app\/ajlh\/?p=7864"},"modified":"2026-04-29T09:42:39","modified_gmt":"2026-04-29T07:42:39","slug":"dia-mundial-de-la-seguretat-i-la-salut-al-treball","status":"publish","type":"post","link":"https:\/\/ccoo.app\/ajlh\/?p=7864","title":{"rendered":"Dia mundial de la seguretat i la salut al treball"},"content":{"rendered":"\n<div class=\"wp-block-atomic-blocks-ab-columns ab-layout-service-3 ab-layout-columns-2 ab-2-col-wideright ab-has-custom-background-color ab-columns-center alignfull\" style=\"background-color:#f2f2f2\"><div class=\"ab-layout-column-wrap ab-block-layout-column-gap-5 ab-is-responsive-column\" style=\"max-width:800px\">\n<div class=\"wp-block-atomic-blocks-ab-column ab-block-layout-column\"><div class=\"ab-block-layout-column-inner\">\n<figure class=\"wp-block-gallery alignleft has-nested-images columns-default is-cropped wp-block-gallery-1 is-layout-flex wp-block-gallery-is-layout-flex\">\n<figure class=\"wp-block-image size-medium\"><a href=\"https:\/\/ccoo.app\/ajlh\/wp-content\/blogs.dir\/6\/files\/sites\/142\/2026\/04\/20260428-COCO-FLASH-763-DIA-INTERNACIONAL-DE-LA-SEGURETAT-I-SALUT-EN-EL-TREBALL.pdf\"><img loading=\"lazy\" decoding=\"async\" width=\"212\" height=\"300\" data-id=\"7862\" src=\"https:\/\/ccoo.app\/ajlh\/wp-content\/blogs.dir\/6\/files\/sites\/142\/2026\/04\/20260428-COCO-FLASH-763-DIA-INTERNACIONAL-DE-LA-SEGURETAT-I-SALUT-EN-EL-TREBALL_page-0001-212x300.jpg\" alt=\"\" class=\"wp-image-7862\" srcset=\"https:\/\/ccoo.app\/ajlh\/wp-content\/blogs.dir\/6\/files\/sites\/142\/2026\/04\/20260428-COCO-FLASH-763-DIA-INTERNACIONAL-DE-LA-SEGURETAT-I-SALUT-EN-EL-TREBALL_page-0001-212x300.jpg 212w, https:\/\/ccoo.app\/ajlh\/wp-content\/blogs.dir\/6\/files\/sites\/142\/2026\/04\/20260428-COCO-FLASH-763-DIA-INTERNACIONAL-DE-LA-SEGURETAT-I-SALUT-EN-EL-TREBALL_page-0001-724x1024.jpg 724w, https:\/\/ccoo.app\/ajlh\/wp-content\/blogs.dir\/6\/files\/sites\/142\/2026\/04\/20260428-COCO-FLASH-763-DIA-INTERNACIONAL-DE-LA-SEGURETAT-I-SALUT-EN-EL-TREBALL_page-0001-768x1086.jpg 768w, https:\/\/ccoo.app\/ajlh\/wp-content\/blogs.dir\/6\/files\/sites\/142\/2026\/04\/20260428-COCO-FLASH-763-DIA-INTERNACIONAL-DE-LA-SEGURETAT-I-SALUT-EN-EL-TREBALL_page-0001-1086x1536.jpg 1086w, https:\/\/ccoo.app\/ajlh\/wp-content\/blogs.dir\/6\/files\/sites\/142\/2026\/04\/20260428-COCO-FLASH-763-DIA-INTERNACIONAL-DE-LA-SEGURETAT-I-SALUT-EN-EL-TREBALL_page-0001-1448x2048.jpg 1448w, https:\/\/ccoo.app\/ajlh\/wp-content\/blogs.dir\/6\/files\/sites\/142\/2026\/04\/20260428-COCO-FLASH-763-DIA-INTERNACIONAL-DE-LA-SEGURETAT-I-SALUT-EN-EL-TREBALL_page-0001-scaled.jpg 1810w\" sizes=\"auto, (max-width: 212px) 100vw, 212px\" \/><\/a><\/figure>\n<\/figure>\n<\/div><\/div>\n\n\n\n<div class=\"wp-block-atomic-blocks-ab-column ab-block-layout-column ab-is-vertically-aligned-center\"><div class=\"ab-block-layout-column-inner\" style=\"text-align:left\">\n<p class=\"has-medium-font-size\">S\u2019ha iniciat el proc\u00e9s per dur a terme <strong>una avaluaci\u00f3 de riscos psicosocials<\/strong> a tota la plantilla, que inclour\u00e0 la <strong>realitzaci\u00f3 de q\u00fcestionaris<\/strong> i la convocat\u00f2ria de <strong>sessions informatives<\/strong><\/p>\n\n\n<div class=\"gb-container gb-container-8e72dc88\">\n<div class=\"gb-container gb-container-7bb69fb5\">\n\n<div style=\"text-align:left\" class=\"wp-block-atomic-blocks-ab-button ab-block-button\"><a href=\"https:\/\/ccoo.app\/ajlh\/wp-content\/blogs.dir\/6\/files\/sites\/142\/2026\/04\/20260428-COCO-FLASH-763-DIA-INTERNACIONAL-DE-LA-SEGURETAT-I-SALUT-EN-EL-TREBALL.pdf\" target=\"_blank\" rel=\"noopener noreferrer\" class=\"ab-button ab-button-shape-rounded ab-button-size-medium\" style=\"color:#ffffff;background-color:#3373dc\">Veure COCO-FLASH 763<\/a><\/div>\n\n<\/div>\n<\/div>\n\n\n<p><\/p>\n<\/div><\/div>\n<\/div><\/div>\n\n\n\n<p><\/p>\n\n\n\n<p><\/p>\n","protected":false},"excerpt":{"rendered":"","protected":false},"author":97129,"featured_media":7862,"comment_status":"closed","ping_status":"closed","sticky":false,"template":"","format":"standard","meta":{"footnotes":""},"categories":[634,213],"tags":[483],"class_list":["post-7864","post","type-post","status-publish","format-standard","has-post-thumbnail","hentry","category-634","category-comunicats","tag-salut-laboral","generate-columns","tablet-grid-50","mobile-grid-100","grid-parent","grid-33"],"featured_image_src":"https:\/\/ccoo.app\/ajlh\/wp-content\/blogs.dir\/6\/files\/sites\/142\/2026\/04\/20260428-COCO-FLASH-763-DIA-INTERNACIONAL-DE-LA-SEGURETAT-I-SALUT-EN-EL-TREBALL_page-0001-600x400.jpg","featured_image_src_square":"https:\/\/ccoo.app\/ajlh\/wp-content\/blogs.dir\/6\/files\/sites\/142\/2026\/04\/20260428-COCO-FLASH-763-DIA-INTERNACIONAL-DE-LA-SEGURETAT-I-SALUT-EN-EL-TREBALL_page-0001-600x600.jpg","author_info":{"display_name":"jsoler@ccoo.cat","author_link":"https:\/\/ccoo.app\/ajlh\/?author=97129"},"_links":{"self":[{"href":"https:\/\/ccoo.app\/ajlh\/index.php?rest_route=\/wp\/v2\/posts\/7864","targetHints":{"allow":["GET"]}}],"collection":[{"href":"https:\/\/ccoo.app\/ajlh\/index.php?rest_route=\/wp\/v2\/posts"}],"about":[{"href":"https:\/\/ccoo.app\/ajlh\/index.php?rest_route=\/wp\/v2\/types\/post"}],"author":[{"embeddable":true,"href":"https:\/\/ccoo.app\/ajlh\/index.php?rest_route=\/wp\/v2\/users\/97129"}],"replies":[{"embeddable":true,"href":"https:\/\/ccoo.app\/ajlh\/index.php?rest_route=%2Fwp%2Fv2%2Fcomments&post=7864"}],"version-history":[{"count":1,"href":"https:\/\/ccoo.app\/ajlh\/index.php?rest_route=\/wp\/v2\/posts\/7864\/revisions"}],"predecessor-version":[{"id":7865,"href":"https:\/\/ccoo.app\/ajlh\/index.php?rest_route=\/wp\/v2\/posts\/7864\/revisions\/7865"}],"wp:featuredmedia":[{"embeddable":true,"href":"https:\/\/ccoo.app\/ajlh\/index.php?rest_route=\/wp\/v2\/media\/7862"}],"wp:attachment":[{"href":"https:\/\/ccoo.app\/ajlh\/index.php?rest_route=%2Fwp%2Fv2%2Fmedia&parent=7864"}],"wp:term":[{"taxonomy":"category","embeddable":true,"href":"https:\/\/ccoo.app\/ajlh\/index.php?rest_route=%2Fwp%2Fv2%2Fcategories&post=7864"},{"taxonomy":"post_tag","embeddable":true,"href":"https:\/\/ccoo.app\/ajlh\/index.php?rest_route=%2Fwp%2Fv2%2Ftags&post=7864"}],"curies":[{"name":"wp","href":"https:\/\/api.w.org\/{rel}","templated":true}]}}