{"id":7835,"date":"2026-03-06T10:44:05","date_gmt":"2026-03-06T09:44:05","guid":{"rendered":"https:\/\/ccoo.app\/ajlh\/?p=7835"},"modified":"2026-03-06T10:53:36","modified_gmt":"2026-03-06T09:53:36","slug":"un-pas-endavant-2","status":"publish","type":"post","link":"https:\/\/ccoo.app\/ajlh\/?p=7835","title":{"rendered":"8M"},"content":{"rendered":"\n<div class=\"wp-block-atomic-blocks-ab-columns ab-layout-service-3 ab-layout-columns-2 ab-2-col-wideright ab-has-custom-background-color ab-columns-center alignfull\" style=\"background-color:#f2f2f2\"><div class=\"ab-layout-column-wrap ab-block-layout-column-gap-5 ab-is-responsive-column\" style=\"max-width:800px\">\n<div class=\"wp-block-atomic-blocks-ab-column ab-block-layout-column\"><div class=\"ab-block-layout-column-inner\">\n<figure class=\"wp-block-gallery alignleft has-nested-images columns-default is-cropped wp-block-gallery-1 is-layout-flex wp-block-gallery-is-layout-flex\">\n<figure class=\"wp-block-image size-medium\"><a href=\"https:\/\/ccoo.app\/ajlh\/wp-content\/blogs.dir\/6\/files\/sites\/142\/2026\/03\/20260306-COCO-FLASH-759-Dia-de-la-dona.pdf\"><img loading=\"lazy\" decoding=\"async\" width=\"212\" height=\"300\" data-id=\"7820\" src=\"https:\/\/ccoo.app\/ajlh\/wp-content\/blogs.dir\/6\/files\/sites\/142\/2026\/03\/20260306-COCO-FLASH-759-Dia-de-la-dona_page-0001-212x300.jpg\" alt=\"\" class=\"wp-image-7820\" srcset=\"https:\/\/ccoo.app\/ajlh\/wp-content\/blogs.dir\/6\/files\/sites\/142\/2026\/03\/20260306-COCO-FLASH-759-Dia-de-la-dona_page-0001-212x300.jpg 212w, https:\/\/ccoo.app\/ajlh\/wp-content\/blogs.dir\/6\/files\/sites\/142\/2026\/03\/20260306-COCO-FLASH-759-Dia-de-la-dona_page-0001-724x1024.jpg 724w, https:\/\/ccoo.app\/ajlh\/wp-content\/blogs.dir\/6\/files\/sites\/142\/2026\/03\/20260306-COCO-FLASH-759-Dia-de-la-dona_page-0001-768x1086.jpg 768w, https:\/\/ccoo.app\/ajlh\/wp-content\/blogs.dir\/6\/files\/sites\/142\/2026\/03\/20260306-COCO-FLASH-759-Dia-de-la-dona_page-0001-1086x1536.jpg 1086w, https:\/\/ccoo.app\/ajlh\/wp-content\/blogs.dir\/6\/files\/sites\/142\/2026\/03\/20260306-COCO-FLASH-759-Dia-de-la-dona_page-0001-1448x2048.jpg 1448w, https:\/\/ccoo.app\/ajlh\/wp-content\/blogs.dir\/6\/files\/sites\/142\/2026\/03\/20260306-COCO-FLASH-759-Dia-de-la-dona_page-0001-scaled.jpg 1810w\" sizes=\"auto, (max-width: 212px) 100vw, 212px\" \/><\/a><\/figure>\n<\/figure>\n<\/div><\/div>\n\n\n\n<div class=\"wp-block-atomic-blocks-ab-column ab-block-layout-column ab-is-vertically-aligned-center\"><div class=\"ab-block-layout-column-inner\" style=\"text-align:left\">\n<p>Ni p\u00fabliques ni privades: Dones lliures d&#8217;\u00f3presi\u00f3<\/p>\n\n\n<div class=\"gb-container gb-container-8e72dc88\">\n<div class=\"gb-container gb-container-7bb69fb5\">\n<div class=\"gb-container gb-container-7d498559\">\n\n<div style=\"text-align:left\" class=\"wp-block-atomic-blocks-ab-button ab-block-button\"><a href=\"https:\/\/ccoo.app\/ajlh\/wp-content\/blogs.dir\/6\/files\/sites\/142\/2026\/03\/20260306-COCO-FLASH-759-Dia-de-la-dona.pdf\" target=\"_blank\" rel=\"noopener noreferrer\" class=\"ab-button ab-button-shape-rounded ab-button-size-medium\" style=\"color:#ffffff;background-color:#3373dc\">Veure COCO-FLASH 759<\/a><\/div>\n\n<\/div>\n<\/div>\n<\/div>\n\n\n<p><\/p>\n<\/div><\/div>\n<\/div><\/div>\n\n\n\n<p><\/p>\n\n\n\n<p><\/p>\n","protected":false},"excerpt":{"rendered":"","protected":false},"author":97129,"featured_media":7820,"comment_status":"closed","ping_status":"closed","sticky":false,"template":"","format":"standard","meta":{"footnotes":""},"categories":[634,213],"tags":[],"class_list":["post-7835","post","type-post","status-publish","format-standard","has-post-thumbnail","hentry","category-634","category-comunicats","generate-columns","tablet-grid-50","mobile-grid-100","grid-parent","grid-33"],"featured_image_src":"https:\/\/ccoo.app\/ajlh\/wp-content\/blogs.dir\/6\/files\/sites\/142\/2026\/03\/20260306-COCO-FLASH-759-Dia-de-la-dona_page-0001-600x400.jpg","featured_image_src_square":"https:\/\/ccoo.app\/ajlh\/wp-content\/blogs.dir\/6\/files\/sites\/142\/2026\/03\/20260306-COCO-FLASH-759-Dia-de-la-dona_page-0001-600x600.jpg","author_info":{"display_name":"jsoler@ccoo.cat","author_link":"https:\/\/ccoo.app\/ajlh\/?author=97129"},"_links":{"self":[{"href":"https:\/\/ccoo.app\/ajlh\/index.php?rest_route=\/wp\/v2\/posts\/7835","targetHints":{"allow":["GET"]}}],"collection":[{"href":"https:\/\/ccoo.app\/ajlh\/index.php?rest_route=\/wp\/v2\/posts"}],"about":[{"href":"https:\/\/ccoo.app\/ajlh\/index.php?rest_route=\/wp\/v2\/types\/post"}],"author":[{"embeddable":true,"href":"https:\/\/ccoo.app\/ajlh\/index.php?rest_route=\/wp\/v2\/users\/97129"}],"replies":[{"embeddable":true,"href":"https:\/\/ccoo.app\/ajlh\/index.php?rest_route=%2Fwp%2Fv2%2Fcomments&post=7835"}],"version-history":[{"count":4,"href":"https:\/\/ccoo.app\/ajlh\/index.php?rest_route=\/wp\/v2\/posts\/7835\/revisions"}],"predecessor-version":[{"id":7842,"href":"https:\/\/ccoo.app\/ajlh\/index.php?rest_route=\/wp\/v2\/posts\/7835\/revisions\/7842"}],"wp:featuredmedia":[{"embeddable":true,"href":"https:\/\/ccoo.app\/ajlh\/index.php?rest_route=\/wp\/v2\/media\/7820"}],"wp:attachment":[{"href":"https:\/\/ccoo.app\/ajlh\/index.php?rest_route=%2Fwp%2Fv2%2Fmedia&parent=7835"}],"wp:term":[{"taxonomy":"category","embeddable":true,"href":"https:\/\/ccoo.app\/ajlh\/index.php?rest_route=%2Fwp%2Fv2%2Fcategories&post=7835"},{"taxonomy":"post_tag","embeddable":true,"href":"https:\/\/ccoo.app\/ajlh\/index.php?rest_route=%2Fwp%2Fv2%2Ftags&post=7835"}],"curies":[{"name":"wp","href":"https:\/\/api.w.org\/{rel}","templated":true}]}}