{"id":4296,"date":"2025-03-28T15:47:32","date_gmt":"2025-03-28T14:47:32","guid":{"rendered":"https:\/\/ccoo.app\/ajlh\/?p=4296"},"modified":"2025-05-29T15:55:46","modified_gmt":"2025-05-29T13:55:46","slug":"si-algu-hauria-de-marxar-2","status":"publish","type":"post","link":"https:\/\/ccoo.app\/ajlh\/?p=4296","title":{"rendered":"S\u00ed, alg\u00fa hauria de marxar!"},"content":{"rendered":"\n<div class=\"wp-block-atomic-blocks-ab-columns ab-layout-service-3 ab-layout-columns-2 ab-2-col-wideright ab-has-custom-background-color ab-columns-center alignfull\" style=\"background-color:#f2f2f2\"><div class=\"ab-layout-column-wrap ab-block-layout-column-gap-5 ab-is-responsive-column\" style=\"max-width:800px\">\n<div class=\"wp-block-atomic-blocks-ab-column ab-block-layout-column\"><div class=\"ab-block-layout-column-inner\">\n<figure class=\"wp-block-gallery alignleft has-nested-images columns-default is-cropped wp-block-gallery-1 is-layout-flex wp-block-gallery-is-layout-flex\">\n<figure class=\"wp-block-image size-large\"><a href=\"https:\/\/ccoo.app\/ajlh\/wp-content\/blogs.dir\/6\/files\/sites\/142\/2025\/05\/20250328-COCO-FLASH-730-SI-ALGU-HAURIA-DE-MARXAR.pdf\"><img loading=\"lazy\" decoding=\"async\" width=\"724\" height=\"1024\" data-id=\"4245\" src=\"https:\/\/ccoo.app\/ajlh\/wp-content\/blogs.dir\/6\/files\/sites\/142\/2025\/03\/20250328-COCO-FLASH-730-ALGU-HAURIA-DE-MARXAR_page-0001-4-724x1024.jpg\" alt=\"\" class=\"wp-image-4245\" srcset=\"https:\/\/ccoo.app\/ajlh\/wp-content\/blogs.dir\/6\/files\/sites\/142\/2025\/03\/20250328-COCO-FLASH-730-ALGU-HAURIA-DE-MARXAR_page-0001-4-724x1024.jpg 724w, https:\/\/ccoo.app\/ajlh\/wp-content\/blogs.dir\/6\/files\/sites\/142\/2025\/03\/20250328-COCO-FLASH-730-ALGU-HAURIA-DE-MARXAR_page-0001-4-212x300.jpg 212w, https:\/\/ccoo.app\/ajlh\/wp-content\/blogs.dir\/6\/files\/sites\/142\/2025\/03\/20250328-COCO-FLASH-730-ALGU-HAURIA-DE-MARXAR_page-0001-4-768x1086.jpg 768w, https:\/\/ccoo.app\/ajlh\/wp-content\/blogs.dir\/6\/files\/sites\/142\/2025\/03\/20250328-COCO-FLASH-730-ALGU-HAURIA-DE-MARXAR_page-0001-4-1086x1536.jpg 1086w, https:\/\/ccoo.app\/ajlh\/wp-content\/blogs.dir\/6\/files\/sites\/142\/2025\/03\/20250328-COCO-FLASH-730-ALGU-HAURIA-DE-MARXAR_page-0001-4-1448x2048.jpg 1448w, https:\/\/ccoo.app\/ajlh\/wp-content\/blogs.dir\/6\/files\/sites\/142\/2025\/03\/20250328-COCO-FLASH-730-ALGU-HAURIA-DE-MARXAR_page-0001-4-scaled.jpg 1810w\" sizes=\"auto, (max-width: 724px) 100vw, 724px\" \/><\/a><\/figure>\n<\/figure>\n<\/div><\/div>\n\n\n\n<div class=\"wp-block-atomic-blocks-ab-column ab-block-layout-column ab-is-vertically-aligned-center\"><div class=\"ab-block-layout-column-inner\" style=\"text-align:left\">\n<p><\/p>\n\n\n\n<p>RH ens va comunicar que incompliran el conveni i que no cobrarem la paga fins al maig, Nom\u00e9s una hora abans ens informen a tots els sindicats.<\/p>\n\n\n\n<p><strong>A la reuni\u00f3 no van compar\u00e8ixer ni el Gerent, ni cap pol\u00edtic responsable de l\u2019\u00e0rea. I en tenim 2&#8230;<\/strong><\/p>\n\n\n\n<p><strong>Qu\u00e8 ser\u00e0 el seg\u00fcent, deixar de pagar la n\u00f2mina?<\/strong><\/p>\n\n\n\n<p class=\"has-text-align-left has-medium-font-size\"><\/p>\n\n\n\n<p class=\"has-medium-font-size\"><\/p>\n\n\n<div class=\"gb-container gb-container-8e72dc88\">\n<div class=\"gb-container gb-container-7bb69fb5\">\n\n<div style=\"text-align:left\" class=\"wp-block-atomic-blocks-ab-button ab-block-button\"><a href=\"https:\/\/ccoo.app\/ajlh\/wp-content\/blogs.dir\/6\/files\/sites\/142\/2025\/05\/20250328-COCO-FLASH-730-SI-ALGU-HAURIA-DE-MARXAR.pdf\" target=\"_blank\" rel=\"noopener noreferrer\" class=\"ab-button ab-button-shape-rounded ab-button-size-medium\" style=\"color:#ffffff;background-color:#3373dc\">Veure COCO-FLASH 730<\/a><\/div>\n\n<\/div>\n<\/div>\n\n\n<p><\/p>\n<\/div><\/div>\n<\/div><\/div>\n\n\n\n<p><\/p>\n\n\n\n<p><\/p>\n","protected":false},"excerpt":{"rendered":"","protected":false},"author":97129,"featured_media":4245,"comment_status":"closed","ping_status":"closed","sticky":false,"template":"","format":"standard","meta":{"footnotes":""},"categories":[605,213],"tags":[609,616,537,74],"class_list":["post-4296","post","type-post","status-publish","format-standard","has-post-thumbnail","hentry","category-605","category-comunicats","tag-directius-eventual","tag-movilitzacio","tag-nomina","tag-paga-productivitat","generate-columns","tablet-grid-50","mobile-grid-100","grid-parent","grid-33"],"featured_image_src":"https:\/\/ccoo.app\/ajlh\/wp-content\/blogs.dir\/6\/files\/sites\/142\/2025\/03\/20250328-COCO-FLASH-730-ALGU-HAURIA-DE-MARXAR_page-0001-4-600x400.jpg","featured_image_src_square":"https:\/\/ccoo.app\/ajlh\/wp-content\/blogs.dir\/6\/files\/sites\/142\/2025\/03\/20250328-COCO-FLASH-730-ALGU-HAURIA-DE-MARXAR_page-0001-4-600x600.jpg","author_info":{"display_name":"jsoler@ccoo.cat","author_link":"https:\/\/ccoo.app\/ajlh\/?author=97129"},"_links":{"self":[{"href":"https:\/\/ccoo.app\/ajlh\/index.php?rest_route=\/wp\/v2\/posts\/4296","targetHints":{"allow":["GET"]}}],"collection":[{"href":"https:\/\/ccoo.app\/ajlh\/index.php?rest_route=\/wp\/v2\/posts"}],"about":[{"href":"https:\/\/ccoo.app\/ajlh\/index.php?rest_route=\/wp\/v2\/types\/post"}],"author":[{"embeddable":true,"href":"https:\/\/ccoo.app\/ajlh\/index.php?rest_route=\/wp\/v2\/users\/97129"}],"replies":[{"embeddable":true,"href":"https:\/\/ccoo.app\/ajlh\/index.php?rest_route=%2Fwp%2Fv2%2Fcomments&post=4296"}],"version-history":[{"count":1,"href":"https:\/\/ccoo.app\/ajlh\/index.php?rest_route=\/wp\/v2\/posts\/4296\/revisions"}],"predecessor-version":[{"id":4297,"href":"https:\/\/ccoo.app\/ajlh\/index.php?rest_route=\/wp\/v2\/posts\/4296\/revisions\/4297"}],"wp:featuredmedia":[{"embeddable":true,"href":"https:\/\/ccoo.app\/ajlh\/index.php?rest_route=\/wp\/v2\/media\/4245"}],"wp:attachment":[{"href":"https:\/\/ccoo.app\/ajlh\/index.php?rest_route=%2Fwp%2Fv2%2Fmedia&parent=4296"}],"wp:term":[{"taxonomy":"category","embeddable":true,"href":"https:\/\/ccoo.app\/ajlh\/index.php?rest_route=%2Fwp%2Fv2%2Fcategories&post=4296"},{"taxonomy":"post_tag","embeddable":true,"href":"https:\/\/ccoo.app\/ajlh\/index.php?rest_route=%2Fwp%2Fv2%2Ftags&post=4296"}],"curies":[{"name":"wp","href":"https:\/\/api.w.org\/{rel}","templated":true}]}}