{"id":4129,"date":"2024-12-20T20:12:33","date_gmt":"2024-12-20T19:12:33","guid":{"rendered":"https:\/\/ccoo.app\/ajlh\/?p=4129"},"modified":"2025-01-30T20:33:13","modified_gmt":"2025-01-30T19:33:13","slug":"acord-sobre-jubilacio-parcial","status":"publish","type":"post","link":"https:\/\/ccoo.app\/ajlh\/?p=4129","title":{"rendered":"Acord sobre jubilaci\u00f3 parcial"},"content":{"rendered":"\n<div class=\"wp-block-atomic-blocks-ab-columns ab-layout-service-3 ab-layout-columns-2 ab-2-col-wideright ab-has-custom-background-color ab-columns-center alignfull\" style=\"background-color:#f2f2f2\"><div class=\"ab-layout-column-wrap ab-block-layout-column-gap-5 ab-is-responsive-column\" style=\"max-width:800px\">\n<div class=\"wp-block-atomic-blocks-ab-column ab-block-layout-column\"><div class=\"ab-block-layout-column-inner\">\n<figure class=\"wp-block-gallery alignleft has-nested-images columns-default is-cropped wp-block-gallery-1 is-layout-flex wp-block-gallery-is-layout-flex\">\n<figure class=\"wp-block-image size-large\"><a href=\"https:\/\/ccoo.app\/ajlh\/wp-content\/blogs.dir\/6\/files\/sites\/142\/2025\/01\/20241220-COCO-FLASH-720-ACORD-SOBRE-JUBILACIO-PARCIAL.pdf\"><img loading=\"lazy\" decoding=\"async\" width=\"724\" height=\"1024\" data-id=\"4131\" src=\"https:\/\/ccoo.app\/ajlh\/wp-content\/blogs.dir\/6\/files\/sites\/142\/2025\/01\/20241220-COCO-FLASH-720-ACORD-SOBRE-JUBILACIO-PARCIAL-724x1024.png\" alt=\"\" class=\"wp-image-4131\" srcset=\"https:\/\/ccoo.app\/ajlh\/wp-content\/blogs.dir\/6\/files\/sites\/142\/2025\/01\/20241220-COCO-FLASH-720-ACORD-SOBRE-JUBILACIO-PARCIAL-724x1024.png 724w, https:\/\/ccoo.app\/ajlh\/wp-content\/blogs.dir\/6\/files\/sites\/142\/2025\/01\/20241220-COCO-FLASH-720-ACORD-SOBRE-JUBILACIO-PARCIAL-212x300.png 212w, https:\/\/ccoo.app\/ajlh\/wp-content\/blogs.dir\/6\/files\/sites\/142\/2025\/01\/20241220-COCO-FLASH-720-ACORD-SOBRE-JUBILACIO-PARCIAL-768x1086.png 768w, https:\/\/ccoo.app\/ajlh\/wp-content\/blogs.dir\/6\/files\/sites\/142\/2025\/01\/20241220-COCO-FLASH-720-ACORD-SOBRE-JUBILACIO-PARCIAL-1086x1536.png 1086w, https:\/\/ccoo.app\/ajlh\/wp-content\/blogs.dir\/6\/files\/sites\/142\/2025\/01\/20241220-COCO-FLASH-720-ACORD-SOBRE-JUBILACIO-PARCIAL.png 1240w\" sizes=\"auto, (max-width: 724px) 100vw, 724px\" \/><\/a><\/figure>\n<\/figure>\n<\/div><\/div>\n\n\n\n<div class=\"wp-block-atomic-blocks-ab-column ab-block-layout-column ab-is-vertically-aligned-center\"><div class=\"ab-block-layout-column-inner\" style=\"text-align:left\">\n<h2 class=\"wp-block-heading\">Acord que contempla la regulaci\u00f3 propera, el m\u00e9s aviat possible, de la jubilaci\u00f3 parcial que afecti als empleats p\u00fablics.<\/h2>\n\n\n\n<div class=\"wp-block-atomic-blocks-ab-button ab-block-button\"><a href=\"https:\/\/ccoo.app\/ajlh\/wp-content\/blogs.dir\/6\/files\/sites\/142\/2025\/01\/20241220-COCO-FLASH-720-ACORD-SOBRE-JUBILACIO-PARCIAL.pdf\" target=\"_blank\" rel=\"noopener noreferrer\" class=\"ab-button ab-button-shape-rounded ab-button-size-medium\" style=\"color:#ffffff;background-color:#3373dc\">Veure COCO-FLASH 720<\/a><\/div>\n\n\n\n<p><\/p>\n<\/div><\/div>\n<\/div><\/div>\n\n\n\n<p><\/p>\n\n\n\n<p><\/p>\n","protected":false},"excerpt":{"rendered":"","protected":false},"author":2221,"featured_media":4131,"comment_status":"closed","ping_status":"closed","sticky":false,"template":"","format":"standard","meta":{"footnotes":""},"categories":[569,213],"tags":[114,46,606],"class_list":["post-4129","post","type-post","status-publish","format-standard","has-post-thumbnail","hentry","category-569","category-comunicats","tag-acord-estatal","tag-jubilacio","tag-jubilacio-parcial","generate-columns","tablet-grid-50","mobile-grid-100","grid-parent","grid-33"],"featured_image_src":"https:\/\/ccoo.app\/ajlh\/wp-content\/blogs.dir\/6\/files\/sites\/142\/2025\/01\/20241220-COCO-FLASH-720-ACORD-SOBRE-JUBILACIO-PARCIAL-600x400.png","featured_image_src_square":"https:\/\/ccoo.app\/ajlh\/wp-content\/blogs.dir\/6\/files\/sites\/142\/2025\/01\/20241220-COCO-FLASH-720-ACORD-SOBRE-JUBILACIO-PARCIAL-600x600.png","author_info":{"display_name":"CCOO","author_link":"https:\/\/ccoo.app\/ajlh\/?author=2221"},"_links":{"self":[{"href":"https:\/\/ccoo.app\/ajlh\/index.php?rest_route=\/wp\/v2\/posts\/4129","targetHints":{"allow":["GET"]}}],"collection":[{"href":"https:\/\/ccoo.app\/ajlh\/index.php?rest_route=\/wp\/v2\/posts"}],"about":[{"href":"https:\/\/ccoo.app\/ajlh\/index.php?rest_route=\/wp\/v2\/types\/post"}],"author":[{"embeddable":true,"href":"https:\/\/ccoo.app\/ajlh\/index.php?rest_route=\/wp\/v2\/users\/2221"}],"replies":[{"embeddable":true,"href":"https:\/\/ccoo.app\/ajlh\/index.php?rest_route=%2Fwp%2Fv2%2Fcomments&post=4129"}],"version-history":[{"count":1,"href":"https:\/\/ccoo.app\/ajlh\/index.php?rest_route=\/wp\/v2\/posts\/4129\/revisions"}],"predecessor-version":[{"id":4132,"href":"https:\/\/ccoo.app\/ajlh\/index.php?rest_route=\/wp\/v2\/posts\/4129\/revisions\/4132"}],"wp:featuredmedia":[{"embeddable":true,"href":"https:\/\/ccoo.app\/ajlh\/index.php?rest_route=\/wp\/v2\/media\/4131"}],"wp:attachment":[{"href":"https:\/\/ccoo.app\/ajlh\/index.php?rest_route=%2Fwp%2Fv2%2Fmedia&parent=4129"}],"wp:term":[{"taxonomy":"category","embeddable":true,"href":"https:\/\/ccoo.app\/ajlh\/index.php?rest_route=%2Fwp%2Fv2%2Fcategories&post=4129"},{"taxonomy":"post_tag","embeddable":true,"href":"https:\/\/ccoo.app\/ajlh\/index.php?rest_route=%2Fwp%2Fv2%2Ftags&post=4129"}],"curies":[{"name":"wp","href":"https:\/\/api.w.org\/{rel}","templated":true}]}}