{"id":5910,"date":"2023-06-13T14:57:45","date_gmt":"2023-06-13T12:57:45","guid":{"rendered":"https:\/\/ccoo.app\/airbus\/?p=5910"},"modified":"2023-06-13T14:59:10","modified_gmt":"2023-06-13T12:59:10","slug":"proceso-revision-salarial-extraordinario-2023","status":"publish","type":"post","link":"https:\/\/ccoo.app\/airbus\/proceso-revision-salarial-extraordinario-2023\/","title":{"rendered":"PROCESO REVISI\u00d3N SALARIAL EXTRAORDINARIO 2023\u00a0"},"content":{"rendered":"\n<p>Desde la Secci\u00f3n Sindical Interempresas de CCOO, os queremos informar que se est\u00e1 procediendo al reparto de las notificaciones a las personas trabajadoras en relaci\u00f3n con el Proceso de Revisi\u00f3n Salarial Extraordinario del 2023&#8230;<\/p>\n\n\n\n<p><a href=\"https:\/\/ccoo.app\/airbus\/wp-content\/blogs.dir\/6\/files\/sites\/56\/2023\/06\/230613-proceso-salarial-extarordinario-2023.pdf\" class=\"ek-link\">Enlace a doc&#8230;<\/a><\/p>\n\n\n\n<figure class=\"wp-block-image size-large is-resized\"><a href=\"https:\/\/ccoo.app\/airbus\/wp-content\/blogs.dir\/6\/files\/sites\/56\/2023\/06\/230613-proceso-salarial-extarordinario-2023.pdf\"><img loading=\"lazy\" decoding=\"async\" src=\"https:\/\/ccoo.app\/airbus\/wp-content\/blogs.dir\/6\/files\/sites\/56\/2023\/06\/230613-proceso-salarial-extarordinario-2023_page-0001-725x1024.jpg\" alt=\"230613 Proceso Salarial Extarordinario 2023 Page 0001\" class=\"wp-image-5912\" width=\"280\" height=\"395\" srcset=\"https:\/\/ccoo.app\/airbus\/wp-content\/blogs.dir\/6\/files\/sites\/56\/2023\/06\/230613-proceso-salarial-extarordinario-2023_page-0001-725x1024.jpg 725w, https:\/\/ccoo.app\/airbus\/wp-content\/blogs.dir\/6\/files\/sites\/56\/2023\/06\/230613-proceso-salarial-extarordinario-2023_page-0001-212x300.jpg 212w, https:\/\/ccoo.app\/airbus\/wp-content\/blogs.dir\/6\/files\/sites\/56\/2023\/06\/230613-proceso-salarial-extarordinario-2023_page-0001-768x1085.jpg 768w, https:\/\/ccoo.app\/airbus\/wp-content\/blogs.dir\/6\/files\/sites\/56\/2023\/06\/230613-proceso-salarial-extarordinario-2023_page-0001-1087x1536.jpg 1087w, https:\/\/ccoo.app\/airbus\/wp-content\/blogs.dir\/6\/files\/sites\/56\/2023\/06\/230613-proceso-salarial-extarordinario-2023_page-0001.jpg 1242w\" sizes=\"auto, (max-width: 280px) 100vw, 280px\" \/><\/a><\/figure>\n\n\n\n<hr class=\"wp-block-separator has-alpha-channel-opacity\" \/>\n\n\n\n<hr class=\"wp-block-separator has-alpha-channel-opacity\" \/>\n","protected":false},"excerpt":{"rendered":"<p>Desde la Secci\u00f3n Sindical Interempresas de CCOO, os queremos informar que se est\u00e1 procediendo al reparto de las notificaciones a las personas trabajadoras en relaci\u00f3n con el Proceso de Revisi\u00f3n &#8230; <a title=\"PROCESO REVISI\u00d3N SALARIAL EXTRAORDINARIO 2023\u00a0\" class=\"read-more\" href=\"https:\/\/ccoo.app\/airbus\/proceso-revision-salarial-extraordinario-2023\/\" aria-label=\"Leer m\u00e1s sobre PROCESO REVISI\u00d3N SALARIAL EXTRAORDINARIO 2023\u00a0\">Leer m\u00e1s<\/a><\/p>\n","protected":false},"author":33,"featured_media":5912,"comment_status":"closed","ping_status":"closed","sticky":false,"template":"","format":"standard","meta":{"footnotes":""},"categories":[22,29,40,47,50,60,66,73],"tags":[],"class_list":["post-5910","post","type-post","status-publish","format-standard","has-post-thumbnail","hentry","category-barajas-push","category-cbc-push","category-getafe-push","category-illescas-push","category-interempresas-comunicados","category-puertoreal-push","category-sanpablo-push","category-tablada-push","generate-columns","tablet-grid-50","mobile-grid-100","grid-parent","grid-33"],"_links":{"self":[{"href":"https:\/\/ccoo.app\/airbus\/wp-json\/wp\/v2\/posts\/5910","targetHints":{"allow":["GET"]}}],"collection":[{"href":"https:\/\/ccoo.app\/airbus\/wp-json\/wp\/v2\/posts"}],"about":[{"href":"https:\/\/ccoo.app\/airbus\/wp-json\/wp\/v2\/types\/post"}],"author":[{"embeddable":true,"href":"https:\/\/ccoo.app\/airbus\/wp-json\/wp\/v2\/users\/33"}],"replies":[{"embeddable":true,"href":"https:\/\/ccoo.app\/airbus\/wp-json\/wp\/v2\/comments?post=5910"}],"version-history":[{"count":2,"href":"https:\/\/ccoo.app\/airbus\/wp-json\/wp\/v2\/posts\/5910\/revisions"}],"predecessor-version":[{"id":5914,"href":"https:\/\/ccoo.app\/airbus\/wp-json\/wp\/v2\/posts\/5910\/revisions\/5914"}],"wp:featuredmedia":[{"embeddable":true,"href":"https:\/\/ccoo.app\/airbus\/wp-json\/wp\/v2\/media\/5912"}],"wp:attachment":[{"href":"https:\/\/ccoo.app\/airbus\/wp-json\/wp\/v2\/media?parent=5910"}],"wp:term":[{"taxonomy":"category","embeddable":true,"href":"https:\/\/ccoo.app\/airbus\/wp-json\/wp\/v2\/categories?post=5910"},{"taxonomy":"post_tag","embeddable":true,"href":"https:\/\/ccoo.app\/airbus\/wp-json\/wp\/v2\/tags?post=5910"}],"curies":[{"name":"wp","href":"https:\/\/api.w.org\/{rel}","templated":true}]}}