{"id":5905,"date":"2023-06-13T09:14:02","date_gmt":"2023-06-13T07:14:02","guid":{"rendered":"https:\/\/ccoo.app\/airbus\/?p=5905"},"modified":"2023-06-13T09:15:18","modified_gmt":"2023-06-13T07:15:18","slug":"plan-de-igualdad-comite-interempresas","status":"publish","type":"post","link":"https:\/\/ccoo.app\/airbus\/plan-de-igualdad-comite-interempresas\/","title":{"rendered":"PLAN DE IGUALDAD COMIT\u00c9 INTEREMPRESAS"},"content":{"rendered":"\n<p><a href=\"https:\/\/ccoo.app\/airbus\/wp-content\/blogs.dir\/6\/files\/sites\/56\/2023\/06\/plan-igualdad-2023.pdf\" class=\"ek-link\">Enlace Doc<\/a><\/p>\n\n\n\n<p>Desde el Comit\u00e9 Interempresas, adjuntamos el Plan de Igualdad acordado por unanimidad entre los sindicatos y la Direcci\u00f3n de la empresa. As\u00ed como el acuse de recibo de la presentaci\u00f3n ante la Autoridad Laboral.<\/p>\n\n\n\n<p>El mismo ser\u00e1 objeto de revisi\u00f3n pudiendo tener que realizarse alguna subsanaci\u00f3n.<\/p>\n\n\n\n<p>Volveremos a informar y remitir cuando est\u00e9 aprobado definitivamente.<\/p>\n\n\n\n<p class=\"has-text-align-center\"><strong>Un saludo<\/strong><\/p>\n\n\n\n<p class=\"has-text-align-center\"><strong>Francisco San Jos\u00e9 S\u00e1nchez<\/strong><\/p>\n\n\n\n<p class=\"has-text-align-center\"><strong>Presidente Comit\u00e9&nbsp;Interempresas<\/strong><\/p>\n\n\n\n<figure class=\"wp-block-image size-full\"><a href=\"https:\/\/ccoo.app\/airbus\/wp-content\/blogs.dir\/6\/files\/sites\/56\/2023\/06\/plan-igualdad-2023.pdf\"><img loading=\"lazy\" decoding=\"async\" width=\"488\" height=\"651\" src=\"https:\/\/ccoo.app\/airbus\/wp-content\/blogs.dir\/6\/files\/sites\/56\/2023\/06\/foto-plan-de-igualdad.png\" alt=\"Foto Plan De Igualdad\" class=\"wp-image-5906\" srcset=\"https:\/\/ccoo.app\/airbus\/wp-content\/blogs.dir\/6\/files\/sites\/56\/2023\/06\/foto-plan-de-igualdad.png 488w, https:\/\/ccoo.app\/airbus\/wp-content\/blogs.dir\/6\/files\/sites\/56\/2023\/06\/foto-plan-de-igualdad-225x300.png 225w\" sizes=\"auto, (max-width: 488px) 100vw, 488px\" \/><\/a><\/figure>\n","protected":false},"excerpt":{"rendered":"<p>Enlace Doc Desde el Comit\u00e9 Interempresas, adjuntamos el Plan de Igualdad acordado por unanimidad entre los sindicatos y la Direcci\u00f3n de la empresa. As\u00ed como el acuse de recibo de &#8230; <a title=\"PLAN DE IGUALDAD COMIT\u00c9 INTEREMPRESAS\" class=\"read-more\" href=\"https:\/\/ccoo.app\/airbus\/plan-de-igualdad-comite-interempresas\/\" aria-label=\"Leer m\u00e1s sobre PLAN DE IGUALDAD COMIT\u00c9 INTEREMPRESAS\">Leer m\u00e1s<\/a><\/p>\n","protected":false},"author":33,"featured_media":5906,"comment_status":"closed","ping_status":"closed","sticky":false,"template":"","format":"standard","meta":{"footnotes":""},"categories":[22,29,40,47,50,60,66,73],"tags":[],"class_list":["post-5905","post","type-post","status-publish","format-standard","has-post-thumbnail","hentry","category-barajas-push","category-cbc-push","category-getafe-push","category-illescas-push","category-interempresas-comunicados","category-puertoreal-push","category-sanpablo-push","category-tablada-push","generate-columns","tablet-grid-50","mobile-grid-100","grid-parent","grid-33"],"_links":{"self":[{"href":"https:\/\/ccoo.app\/airbus\/wp-json\/wp\/v2\/posts\/5905","targetHints":{"allow":["GET"]}}],"collection":[{"href":"https:\/\/ccoo.app\/airbus\/wp-json\/wp\/v2\/posts"}],"about":[{"href":"https:\/\/ccoo.app\/airbus\/wp-json\/wp\/v2\/types\/post"}],"author":[{"embeddable":true,"href":"https:\/\/ccoo.app\/airbus\/wp-json\/wp\/v2\/users\/33"}],"replies":[{"embeddable":true,"href":"https:\/\/ccoo.app\/airbus\/wp-json\/wp\/v2\/comments?post=5905"}],"version-history":[{"count":1,"href":"https:\/\/ccoo.app\/airbus\/wp-json\/wp\/v2\/posts\/5905\/revisions"}],"predecessor-version":[{"id":5908,"href":"https:\/\/ccoo.app\/airbus\/wp-json\/wp\/v2\/posts\/5905\/revisions\/5908"}],"wp:featuredmedia":[{"embeddable":true,"href":"https:\/\/ccoo.app\/airbus\/wp-json\/wp\/v2\/media\/5906"}],"wp:attachment":[{"href":"https:\/\/ccoo.app\/airbus\/wp-json\/wp\/v2\/media?parent=5905"}],"wp:term":[{"taxonomy":"category","embeddable":true,"href":"https:\/\/ccoo.app\/airbus\/wp-json\/wp\/v2\/categories?post=5905"},{"taxonomy":"post_tag","embeddable":true,"href":"https:\/\/ccoo.app\/airbus\/wp-json\/wp\/v2\/tags?post=5905"}],"curies":[{"name":"wp","href":"https:\/\/api.w.org\/{rel}","templated":true}]}}