{"id":5856,"date":"2023-06-05T16:28:06","date_gmt":"2023-06-05T14:28:06","guid":{"rendered":"https:\/\/ccoo.app\/airbus\/?p=5856"},"modified":"2023-06-05T16:30:18","modified_gmt":"2023-06-05T14:30:18","slug":"revision-salarial-extraordinaria-en-airbus-espana","status":"publish","type":"post","link":"https:\/\/ccoo.app\/airbus\/revision-salarial-extraordinaria-en-airbus-espana\/","title":{"rendered":"REVISI\u00d3N SALARIAL EXTRAORDINARIA EN AIRBUS ESPA\u00d1A"},"content":{"rendered":"\n<p><strong>VALORACI\u00d3N ACTUALIZADA CON EVOLUCI\u00d3N IPC A MAYO 2023<\/strong><\/p>\n\n\n\n<blockquote class=\"wp-block-quote is-layout-flow wp-block-quote-is-layout-flow\">\n<p>Transcurrido un tiempo razonable desde el acuerdo para la Revisi\u00f3n Salarial Extraordinaria,&nbsp;<strong>desde CCOO queremos volver a incidir en lo positivo del mismo, en el esfuerzo y el compromiso demostrado para obtenerlo.<\/strong><\/p>\n\n\n\n<p>En CCOO tambi\u00e9n&nbsp;<strong>sabemos hacer gr\u00e1ficas y las hacemos con objetividad y sin manipular las fuentes ni los datos<\/strong>.<\/p>\n<\/blockquote>\n\n\n\n<blockquote class=\"wp-block-quote is-layout-flow wp-block-quote-is-layout-flow\">\n<p><strong>Conviene decir la verdad siempre.\u00a0<\/strong>Y si baja la\u00a0inflaci\u00f3n\u00a0(tal y como adelantamos en CCOO)\u00a0<strong>se se\u00f1ala<\/strong>, igual que cuando estaba en cifras y par\u00e1metros descontrolados, con visi\u00f3n realista y transparencia.<\/p>\n\n\n\n<p><a href=\"https:\/\/ccoo.app\/airbus\/wp-content\/blogs.dir\/6\/files\/sites\/56\/2023\/06\/230605-valoracion-revision-salaraial-extraordinaria-airbus.pdf\" class=\"ek-link\">Enlace a Doc PDF<\/a><\/p>\n\n\n\n<figure class=\"wp-block-image size-large is-resized\"><a href=\"https:\/\/ccoo.app\/airbus\/wp-content\/blogs.dir\/6\/files\/sites\/56\/2023\/06\/230605-valoracion-revision-salaraial-extraordinaria-airbus.pdf\"><img loading=\"lazy\" decoding=\"async\" src=\"https:\/\/ccoo.app\/airbus\/wp-content\/blogs.dir\/6\/files\/sites\/56\/2023\/06\/230605-valoracion-revision-salaraial-extraordinaria-airbus_page-0001-724x1024.jpg\" alt=\"230605 Valoraci\u00f3n Revisi\u00f3n Salaraial Extraordinaria Airbus Page 0001\" class=\"wp-image-5852\" width=\"395\" height=\"558\" srcset=\"https:\/\/ccoo.app\/airbus\/wp-content\/blogs.dir\/6\/files\/sites\/56\/2023\/06\/230605-valoracion-revision-salaraial-extraordinaria-airbus_page-0001-724x1024.jpg 724w, https:\/\/ccoo.app\/airbus\/wp-content\/blogs.dir\/6\/files\/sites\/56\/2023\/06\/230605-valoracion-revision-salaraial-extraordinaria-airbus_page-0001-212x300.jpg 212w, https:\/\/ccoo.app\/airbus\/wp-content\/blogs.dir\/6\/files\/sites\/56\/2023\/06\/230605-valoracion-revision-salaraial-extraordinaria-airbus_page-0001-768x1086.jpg 768w, https:\/\/ccoo.app\/airbus\/wp-content\/blogs.dir\/6\/files\/sites\/56\/2023\/06\/230605-valoracion-revision-salaraial-extraordinaria-airbus_page-0001-1086x1536.jpg 1086w, https:\/\/ccoo.app\/airbus\/wp-content\/blogs.dir\/6\/files\/sites\/56\/2023\/06\/230605-valoracion-revision-salaraial-extraordinaria-airbus_page-0001.jpg 1241w\" sizes=\"auto, (max-width: 395px) 100vw, 395px\" \/><\/a><\/figure>\n\n\n\n<figure class=\"wp-block-image size-large is-resized\"><a href=\"https:\/\/ccoo.app\/airbus\/wp-content\/blogs.dir\/6\/files\/sites\/56\/2023\/06\/230605-valoracion-revision-salaraial-extraordinaria-airbus.pdf\"><img loading=\"lazy\" decoding=\"async\" src=\"https:\/\/ccoo.app\/airbus\/wp-content\/blogs.dir\/6\/files\/sites\/56\/2023\/06\/230605-valoracion-revision-salaraial-extraordinaria-airbus_page-0002-724x1024.jpg\" alt=\"230605 Valoraci\u00f3n Revisi\u00f3n Salaraial Extraordinaria Airbus Page 0002\" class=\"wp-image-5853\" width=\"399\" height=\"565\" srcset=\"https:\/\/ccoo.app\/airbus\/wp-content\/blogs.dir\/6\/files\/sites\/56\/2023\/06\/230605-valoracion-revision-salaraial-extraordinaria-airbus_page-0002-724x1024.jpg 724w, https:\/\/ccoo.app\/airbus\/wp-content\/blogs.dir\/6\/files\/sites\/56\/2023\/06\/230605-valoracion-revision-salaraial-extraordinaria-airbus_page-0002-212x300.jpg 212w, https:\/\/ccoo.app\/airbus\/wp-content\/blogs.dir\/6\/files\/sites\/56\/2023\/06\/230605-valoracion-revision-salaraial-extraordinaria-airbus_page-0002-768x1086.jpg 768w, https:\/\/ccoo.app\/airbus\/wp-content\/blogs.dir\/6\/files\/sites\/56\/2023\/06\/230605-valoracion-revision-salaraial-extraordinaria-airbus_page-0002-1086x1536.jpg 1086w, https:\/\/ccoo.app\/airbus\/wp-content\/blogs.dir\/6\/files\/sites\/56\/2023\/06\/230605-valoracion-revision-salaraial-extraordinaria-airbus_page-0002.jpg 1241w\" sizes=\"auto, (max-width: 399px) 100vw, 399px\" \/><\/a><\/figure>\n\n\n\n<figure class=\"wp-block-image size-large is-resized\"><img loading=\"lazy\" decoding=\"async\" src=\"https:\/\/ccoo.app\/airbus\/wp-content\/blogs.dir\/6\/files\/sites\/56\/2023\/06\/230605-valoracion-revision-salaraial-extraordinaria-airbus_page-0003-724x1024.jpg\" alt=\"230605 Valoraci\u00f3n Revisi\u00f3n Salaraial Extraordinaria Airbus Page 0003\" class=\"wp-image-5854\" width=\"402\" height=\"569\" srcset=\"https:\/\/ccoo.app\/airbus\/wp-content\/blogs.dir\/6\/files\/sites\/56\/2023\/06\/230605-valoracion-revision-salaraial-extraordinaria-airbus_page-0003-724x1024.jpg 724w, https:\/\/ccoo.app\/airbus\/wp-content\/blogs.dir\/6\/files\/sites\/56\/2023\/06\/230605-valoracion-revision-salaraial-extraordinaria-airbus_page-0003-212x300.jpg 212w, https:\/\/ccoo.app\/airbus\/wp-content\/blogs.dir\/6\/files\/sites\/56\/2023\/06\/230605-valoracion-revision-salaraial-extraordinaria-airbus_page-0003-768x1086.jpg 768w, https:\/\/ccoo.app\/airbus\/wp-content\/blogs.dir\/6\/files\/sites\/56\/2023\/06\/230605-valoracion-revision-salaraial-extraordinaria-airbus_page-0003-1086x1536.jpg 1086w, https:\/\/ccoo.app\/airbus\/wp-content\/blogs.dir\/6\/files\/sites\/56\/2023\/06\/230605-valoracion-revision-salaraial-extraordinaria-airbus_page-0003.jpg 1241w\" sizes=\"auto, (max-width: 402px) 100vw, 402px\" \/><\/figure>\n\n\n\n<figure class=\"wp-block-image size-large is-resized\"><img loading=\"lazy\" decoding=\"async\" src=\"https:\/\/ccoo.app\/airbus\/wp-content\/blogs.dir\/6\/files\/sites\/56\/2023\/06\/230605-valoracion-revision-salaraial-extraordinaria-airbus_page-0004-724x1024.jpg\" alt=\"230605 Valoraci\u00f3n Revisi\u00f3n Salaraial Extraordinaria Airbus Page 0004\" class=\"wp-image-5855\" width=\"403\" height=\"571\" srcset=\"https:\/\/ccoo.app\/airbus\/wp-content\/blogs.dir\/6\/files\/sites\/56\/2023\/06\/230605-valoracion-revision-salaraial-extraordinaria-airbus_page-0004-724x1024.jpg 724w, https:\/\/ccoo.app\/airbus\/wp-content\/blogs.dir\/6\/files\/sites\/56\/2023\/06\/230605-valoracion-revision-salaraial-extraordinaria-airbus_page-0004-212x300.jpg 212w, https:\/\/ccoo.app\/airbus\/wp-content\/blogs.dir\/6\/files\/sites\/56\/2023\/06\/230605-valoracion-revision-salaraial-extraordinaria-airbus_page-0004-768x1086.jpg 768w, https:\/\/ccoo.app\/airbus\/wp-content\/blogs.dir\/6\/files\/sites\/56\/2023\/06\/230605-valoracion-revision-salaraial-extraordinaria-airbus_page-0004-1086x1536.jpg 1086w, https:\/\/ccoo.app\/airbus\/wp-content\/blogs.dir\/6\/files\/sites\/56\/2023\/06\/230605-valoracion-revision-salaraial-extraordinaria-airbus_page-0004.jpg 1241w\" sizes=\"auto, (max-width: 403px) 100vw, 403px\" \/><\/figure>\n\n\n\n<figure class=\"wp-block-image size-full is-resized\"><img loading=\"lazy\" decoding=\"async\" src=\"https:\/\/ccoo.app\/airbus\/wp-content\/blogs.dir\/6\/files\/sites\/56\/2023\/02\/ccoo-la-fuerza-colectiva-1011x1024-1.jpg\" alt=\"Ccoo La Fuerza Colectiva 1011x1024\" class=\"wp-image-5521\" width=\"399\" height=\"402\" \/><\/figure>\n<\/blockquote>\n","protected":false},"excerpt":{"rendered":"<p>VALORACI\u00d3N ACTUALIZADA CON EVOLUCI\u00d3N IPC A MAYO 2023 Transcurrido un tiempo razonable desde el acuerdo para la Revisi\u00f3n Salarial Extraordinaria,&nbsp;desde CCOO queremos volver a incidir en lo positivo del mismo, &#8230; <a title=\"REVISI\u00d3N SALARIAL EXTRAORDINARIA EN AIRBUS ESPA\u00d1A\" class=\"read-more\" href=\"https:\/\/ccoo.app\/airbus\/revision-salarial-extraordinaria-en-airbus-espana\/\" aria-label=\"Leer m\u00e1s sobre REVISI\u00d3N SALARIAL EXTRAORDINARIA EN AIRBUS ESPA\u00d1A\">Leer m\u00e1s<\/a><\/p>\n","protected":false},"author":33,"featured_media":5852,"comment_status":"closed","ping_status":"closed","sticky":false,"template":"","format":"standard","meta":{"footnotes":""},"categories":[22,29,40,47,60,66,73],"tags":[],"class_list":["post-5856","post","type-post","status-publish","format-standard","has-post-thumbnail","hentry","category-barajas-push","category-cbc-push","category-getafe-push","category-illescas-push","category-puertoreal-push","category-sanpablo-push","category-tablada-push","generate-columns","tablet-grid-50","mobile-grid-100","grid-parent","grid-33"],"_links":{"self":[{"href":"https:\/\/ccoo.app\/airbus\/wp-json\/wp\/v2\/posts\/5856","targetHints":{"allow":["GET"]}}],"collection":[{"href":"https:\/\/ccoo.app\/airbus\/wp-json\/wp\/v2\/posts"}],"about":[{"href":"https:\/\/ccoo.app\/airbus\/wp-json\/wp\/v2\/types\/post"}],"author":[{"embeddable":true,"href":"https:\/\/ccoo.app\/airbus\/wp-json\/wp\/v2\/users\/33"}],"replies":[{"embeddable":true,"href":"https:\/\/ccoo.app\/airbus\/wp-json\/wp\/v2\/comments?post=5856"}],"version-history":[{"count":3,"href":"https:\/\/ccoo.app\/airbus\/wp-json\/wp\/v2\/posts\/5856\/revisions"}],"predecessor-version":[{"id":5859,"href":"https:\/\/ccoo.app\/airbus\/wp-json\/wp\/v2\/posts\/5856\/revisions\/5859"}],"wp:featuredmedia":[{"embeddable":true,"href":"https:\/\/ccoo.app\/airbus\/wp-json\/wp\/v2\/media\/5852"}],"wp:attachment":[{"href":"https:\/\/ccoo.app\/airbus\/wp-json\/wp\/v2\/media?parent=5856"}],"wp:term":[{"taxonomy":"category","embeddable":true,"href":"https:\/\/ccoo.app\/airbus\/wp-json\/wp\/v2\/categories?post=5856"},{"taxonomy":"post_tag","embeddable":true,"href":"https:\/\/ccoo.app\/airbus\/wp-json\/wp\/v2\/tags?post=5856"}],"curies":[{"name":"wp","href":"https:\/\/api.w.org\/{rel}","templated":true}]}}