{"id":5809,"date":"2023-05-17T13:07:32","date_gmt":"2023-05-17T11:07:32","guid":{"rendered":"https:\/\/ccoo.app\/airbus\/?p=5809"},"modified":"2023-05-17T13:07:33","modified_gmt":"2023-05-17T11:07:33","slug":"renta-2022","status":"publish","type":"post","link":"https:\/\/ccoo.app\/airbus\/renta-2022\/","title":{"rendered":"RENTA 2022"},"content":{"rendered":"\n<p>Como en a\u00f1os anteriores, la&nbsp;<strong>Secci\u00f3n Sindical de CCOO<\/strong>&nbsp;iniciamos, a partir del d\u00eda&nbsp;<strong>16 de mayo<\/strong>, el servicio de confecci\u00f3n de declaraciones de la&nbsp;<strong>Renta de 2022<\/strong>.<\/p>\n\n\n\n<p>Adjuntamos comunicado donde detallamos toda la documentaci\u00f3n a aportar.<\/p>\n\n\n\n<p><a href=\"https:\/\/ccoo.app\/airbus\/wp-content\/blogs.dir\/6\/files\/sites\/56\/2023\/05\/campana-renta-2022.pdf\" class=\"ek-link\">Enlace<\/a><\/p>\n\n\n\n<figure class=\"wp-block-image size-large is-resized\"><a href=\"https:\/\/ccoo.app\/airbus\/wp-content\/blogs.dir\/6\/files\/sites\/56\/2023\/05\/campana-renta-2022.pdf\"><img loading=\"lazy\" decoding=\"async\" src=\"https:\/\/ccoo.app\/airbus\/wp-content\/blogs.dir\/6\/files\/sites\/56\/2023\/05\/campana-renta-2022_page-0001-724x1024.jpg\" alt=\"Campa\u00d1a Renta 2022 Page 0001\" class=\"wp-image-5811\" width=\"285\" height=\"403\" srcset=\"https:\/\/ccoo.app\/airbus\/wp-content\/blogs.dir\/6\/files\/sites\/56\/2023\/05\/campana-renta-2022_page-0001-724x1024.jpg 724w, https:\/\/ccoo.app\/airbus\/wp-content\/blogs.dir\/6\/files\/sites\/56\/2023\/05\/campana-renta-2022_page-0001-212x300.jpg 212w, https:\/\/ccoo.app\/airbus\/wp-content\/blogs.dir\/6\/files\/sites\/56\/2023\/05\/campana-renta-2022_page-0001-768x1086.jpg 768w, https:\/\/ccoo.app\/airbus\/wp-content\/blogs.dir\/6\/files\/sites\/56\/2023\/05\/campana-renta-2022_page-0001-1086x1536.jpg 1086w, https:\/\/ccoo.app\/airbus\/wp-content\/blogs.dir\/6\/files\/sites\/56\/2023\/05\/campana-renta-2022_page-0001.jpg 1241w\" sizes=\"auto, (max-width: 285px) 100vw, 285px\" \/><\/a><\/figure>\n\n\n\n<figure class=\"wp-block-image size-large is-resized\"><img loading=\"lazy\" decoding=\"async\" src=\"https:\/\/ccoo.app\/airbus\/wp-content\/blogs.dir\/6\/files\/sites\/56\/2023\/05\/campana-renta-2022_page-0002-724x1024.jpg\" alt=\"Campa\u00d1a Renta 2022 Page 0002\" class=\"wp-image-5812\" width=\"281\" height=\"397\" srcset=\"https:\/\/ccoo.app\/airbus\/wp-content\/blogs.dir\/6\/files\/sites\/56\/2023\/05\/campana-renta-2022_page-0002-724x1024.jpg 724w, https:\/\/ccoo.app\/airbus\/wp-content\/blogs.dir\/6\/files\/sites\/56\/2023\/05\/campana-renta-2022_page-0002-212x300.jpg 212w, https:\/\/ccoo.app\/airbus\/wp-content\/blogs.dir\/6\/files\/sites\/56\/2023\/05\/campana-renta-2022_page-0002-768x1086.jpg 768w, https:\/\/ccoo.app\/airbus\/wp-content\/blogs.dir\/6\/files\/sites\/56\/2023\/05\/campana-renta-2022_page-0002-1086x1536.jpg 1086w, https:\/\/ccoo.app\/airbus\/wp-content\/blogs.dir\/6\/files\/sites\/56\/2023\/05\/campana-renta-2022_page-0002.jpg 1241w\" sizes=\"auto, (max-width: 281px) 100vw, 281px\" \/><\/figure>\n\n\n\n<hr class=\"wp-block-separator has-alpha-channel-opacity\" \/>\n","protected":false},"excerpt":{"rendered":"<p>Como en a\u00f1os anteriores, la&nbsp;Secci\u00f3n Sindical de CCOO&nbsp;iniciamos, a partir del d\u00eda&nbsp;16 de mayo, el servicio de confecci\u00f3n de declaraciones de la&nbsp;Renta de 2022. Adjuntamos comunicado donde detallamos toda la &#8230; <a title=\"RENTA 2022\" class=\"read-more\" href=\"https:\/\/ccoo.app\/airbus\/renta-2022\/\" aria-label=\"Leer m\u00e1s sobre RENTA 2022\">Leer m\u00e1s<\/a><\/p>\n","protected":false},"author":33,"featured_media":5810,"comment_status":"closed","ping_status":"closed","sticky":false,"template":"","format":"standard","meta":{"footnotes":""},"categories":[40],"tags":[],"class_list":["post-5809","post","type-post","status-publish","format-standard","has-post-thumbnail","hentry","category-getafe-push","generate-columns","tablet-grid-50","mobile-grid-100","grid-parent","grid-33"],"_links":{"self":[{"href":"https:\/\/ccoo.app\/airbus\/wp-json\/wp\/v2\/posts\/5809","targetHints":{"allow":["GET"]}}],"collection":[{"href":"https:\/\/ccoo.app\/airbus\/wp-json\/wp\/v2\/posts"}],"about":[{"href":"https:\/\/ccoo.app\/airbus\/wp-json\/wp\/v2\/types\/post"}],"author":[{"embeddable":true,"href":"https:\/\/ccoo.app\/airbus\/wp-json\/wp\/v2\/users\/33"}],"replies":[{"embeddable":true,"href":"https:\/\/ccoo.app\/airbus\/wp-json\/wp\/v2\/comments?post=5809"}],"version-history":[{"count":1,"href":"https:\/\/ccoo.app\/airbus\/wp-json\/wp\/v2\/posts\/5809\/revisions"}],"predecessor-version":[{"id":5813,"href":"https:\/\/ccoo.app\/airbus\/wp-json\/wp\/v2\/posts\/5809\/revisions\/5813"}],"wp:featuredmedia":[{"embeddable":true,"href":"https:\/\/ccoo.app\/airbus\/wp-json\/wp\/v2\/media\/5810"}],"wp:attachment":[{"href":"https:\/\/ccoo.app\/airbus\/wp-json\/wp\/v2\/media?parent=5809"}],"wp:term":[{"taxonomy":"category","embeddable":true,"href":"https:\/\/ccoo.app\/airbus\/wp-json\/wp\/v2\/categories?post=5809"},{"taxonomy":"post_tag","embeddable":true,"href":"https:\/\/ccoo.app\/airbus\/wp-json\/wp\/v2\/tags?post=5809"}],"curies":[{"name":"wp","href":"https:\/\/api.w.org\/{rel}","templated":true}]}}