{"id":5598,"date":"2023-03-06T07:20:06","date_gmt":"2023-03-06T06:20:06","guid":{"rendered":"https:\/\/ccoo.app\/airbus\/?p=5598"},"modified":"2023-03-06T07:22:32","modified_gmt":"2023-03-06T06:22:32","slug":"contestacion-a-la-direccion","status":"publish","type":"post","link":"https:\/\/ccoo.app\/airbus\/contestacion-a-la-direccion\/","title":{"rendered":"<strong>CONTESTACI\u00d3N A LA DIRECCI\u00d3N\u00a0<\/strong>"},"content":{"rendered":"\n<p>Buenos d\u00edas, en calidad de m\u00e1ximos responsables de nuestras respectivas organizaciones sindicales, os trasladamos de manera oficial, nuestra posici\u00f3n ante la propuesta realizada por la Direcci\u00f3n de la empresa y publicada a los trabajadores y trabajadoras el pasado 24 de Febrero.<\/p>\n\n\n\n<p><strong>Nuestra respuesta, es la de rechazar la misma<\/strong>, por las cuestiones que pasamos a se\u00f1alar:&#8230;&#8230;<\/p>\n\n\n\n<p><a href=\"https:\/\/ccoo.app\/airbus\/wp-content\/blogs.dir\/6\/files\/sites\/56\/2023\/03\/230303-contestacion-a-la-direccion.pdf\" class=\"ek-link\">Enlace Doc<\/a><\/p>\n\n\n\n<figure class=\"wp-block-image size-large is-resized\"><a href=\"https:\/\/ccoo.app\/airbus\/wp-content\/blogs.dir\/6\/files\/sites\/56\/2023\/03\/230303-contestacion-a-la-direccion.pdf\"><img loading=\"lazy\" decoding=\"async\" src=\"https:\/\/ccoo.app\/airbus\/wp-content\/blogs.dir\/6\/files\/sites\/56\/2023\/03\/230303-contestacion-a-la-direccion_1-791x1024.png\" alt=\"230303 Contestaci\u00f3n A La Direcci\u00f3n 1\" class=\"wp-image-5600\" width=\"256\" height=\"331\" srcset=\"https:\/\/ccoo.app\/airbus\/wp-content\/blogs.dir\/6\/files\/sites\/56\/2023\/03\/230303-contestacion-a-la-direccion_1-791x1024.png 791w, https:\/\/ccoo.app\/airbus\/wp-content\/blogs.dir\/6\/files\/sites\/56\/2023\/03\/230303-contestacion-a-la-direccion_1-232x300.png 232w, https:\/\/ccoo.app\/airbus\/wp-content\/blogs.dir\/6\/files\/sites\/56\/2023\/03\/230303-contestacion-a-la-direccion_1-768x994.png 768w, https:\/\/ccoo.app\/airbus\/wp-content\/blogs.dir\/6\/files\/sites\/56\/2023\/03\/230303-contestacion-a-la-direccion_1-1187x1536.png 1187w, https:\/\/ccoo.app\/airbus\/wp-content\/blogs.dir\/6\/files\/sites\/56\/2023\/03\/230303-contestacion-a-la-direccion_1-1583x2048.png 1583w, https:\/\/ccoo.app\/airbus\/wp-content\/blogs.dir\/6\/files\/sites\/56\/2023\/03\/230303-contestacion-a-la-direccion_1.png 1700w\" sizes=\"auto, (max-width: 256px) 100vw, 256px\" \/><\/a><\/figure>\n\n\n\n<figure class=\"wp-block-image size-large is-resized\"><img loading=\"lazy\" decoding=\"async\" src=\"https:\/\/ccoo.app\/airbus\/wp-content\/blogs.dir\/6\/files\/sites\/56\/2023\/03\/230303-contestacion-a-la-direccion_2-791x1024.png\" alt=\"230303 Contestaci\u00f3n A La Direcci\u00f3n 2\" class=\"wp-image-5601\" width=\"255\" height=\"329\" srcset=\"https:\/\/ccoo.app\/airbus\/wp-content\/blogs.dir\/6\/files\/sites\/56\/2023\/03\/230303-contestacion-a-la-direccion_2-791x1024.png 791w, https:\/\/ccoo.app\/airbus\/wp-content\/blogs.dir\/6\/files\/sites\/56\/2023\/03\/230303-contestacion-a-la-direccion_2-232x300.png 232w, https:\/\/ccoo.app\/airbus\/wp-content\/blogs.dir\/6\/files\/sites\/56\/2023\/03\/230303-contestacion-a-la-direccion_2-768x994.png 768w, https:\/\/ccoo.app\/airbus\/wp-content\/blogs.dir\/6\/files\/sites\/56\/2023\/03\/230303-contestacion-a-la-direccion_2-1187x1536.png 1187w, https:\/\/ccoo.app\/airbus\/wp-content\/blogs.dir\/6\/files\/sites\/56\/2023\/03\/230303-contestacion-a-la-direccion_2-1583x2048.png 1583w, https:\/\/ccoo.app\/airbus\/wp-content\/blogs.dir\/6\/files\/sites\/56\/2023\/03\/230303-contestacion-a-la-direccion_2.png 1700w\" sizes=\"auto, (max-width: 255px) 100vw, 255px\" \/><\/figure>\n","protected":false},"excerpt":{"rendered":"<p>Buenos d\u00edas, en calidad de m\u00e1ximos responsables de nuestras respectivas organizaciones sindicales, os trasladamos de manera oficial, nuestra posici\u00f3n ante la propuesta realizada por la Direcci\u00f3n de la empresa y &#8230; <a title=\"CONTESTACI\u00d3N A LA DIRECCI\u00d3N\u00a0\" class=\"read-more\" href=\"https:\/\/ccoo.app\/airbus\/contestacion-a-la-direccion\/\" aria-label=\"Leer m\u00e1s sobre CONTESTACI\u00d3N A LA DIRECCI\u00d3N\u00a0\">Leer m\u00e1s<\/a><\/p>\n","protected":false},"author":33,"featured_media":5521,"comment_status":"closed","ping_status":"closed","sticky":false,"template":"","format":"standard","meta":{"footnotes":""},"categories":[22,29,40,47,50,60,66,73],"tags":[],"class_list":["post-5598","post","type-post","status-publish","format-standard","has-post-thumbnail","hentry","category-barajas-push","category-cbc-push","category-getafe-push","category-illescas-push","category-interempresas-comunicados","category-puertoreal-push","category-sanpablo-push","category-tablada-push","generate-columns","tablet-grid-50","mobile-grid-100","grid-parent","grid-33"],"_links":{"self":[{"href":"https:\/\/ccoo.app\/airbus\/wp-json\/wp\/v2\/posts\/5598","targetHints":{"allow":["GET"]}}],"collection":[{"href":"https:\/\/ccoo.app\/airbus\/wp-json\/wp\/v2\/posts"}],"about":[{"href":"https:\/\/ccoo.app\/airbus\/wp-json\/wp\/v2\/types\/post"}],"author":[{"embeddable":true,"href":"https:\/\/ccoo.app\/airbus\/wp-json\/wp\/v2\/users\/33"}],"replies":[{"embeddable":true,"href":"https:\/\/ccoo.app\/airbus\/wp-json\/wp\/v2\/comments?post=5598"}],"version-history":[{"count":1,"href":"https:\/\/ccoo.app\/airbus\/wp-json\/wp\/v2\/posts\/5598\/revisions"}],"predecessor-version":[{"id":5602,"href":"https:\/\/ccoo.app\/airbus\/wp-json\/wp\/v2\/posts\/5598\/revisions\/5602"}],"wp:featuredmedia":[{"embeddable":true,"href":"https:\/\/ccoo.app\/airbus\/wp-json\/wp\/v2\/media\/5521"}],"wp:attachment":[{"href":"https:\/\/ccoo.app\/airbus\/wp-json\/wp\/v2\/media?parent=5598"}],"wp:term":[{"taxonomy":"category","embeddable":true,"href":"https:\/\/ccoo.app\/airbus\/wp-json\/wp\/v2\/categories?post=5598"},{"taxonomy":"post_tag","embeddable":true,"href":"https:\/\/ccoo.app\/airbus\/wp-json\/wp\/v2\/tags?post=5598"}],"curies":[{"name":"wp","href":"https:\/\/api.w.org\/{rel}","templated":true}]}}