{"id":5574,"date":"2023-02-24T13:36:48","date_gmt":"2023-02-24T12:36:48","guid":{"rendered":"https:\/\/ccoo.app\/airbus\/?p=5574"},"modified":"2023-02-24T13:39:32","modified_gmt":"2023-02-24T12:39:32","slug":"reunion-comite-de-huelga-con-la-direccion-22-febrero-2023","status":"publish","type":"post","link":"https:\/\/ccoo.app\/airbus\/reunion-comite-de-huelga-con-la-direccion-22-febrero-2023\/","title":{"rendered":"<strong>Reuni\u00f3n Comit\u00e9 de Huelga con la Direcci\u00f3n (22-febrero-2023)<\/strong>"},"content":{"rendered":"\n<p><a href=\"https:\/\/ccoo.app\/airbus\/wp-content\/blogs.dir\/6\/files\/sites\/56\/2023\/02\/1-correo-de-airbus-reunion-comite-de-huelga-con-la-direccion-22-febrero-2023.pdf\" class=\"ek-link\">Enlace Doc PDF<\/a><\/p>\n\n\n\n<figure class=\"wp-block-image size-large is-resized\"><a href=\"https:\/\/ccoo.app\/airbus\/wp-content\/blogs.dir\/6\/files\/sites\/56\/2023\/02\/1-correo-de-airbus-reunion-comite-de-huelga-con-la-direccion-22-febrero-2023.pdf\"><img loading=\"lazy\" decoding=\"async\" src=\"https:\/\/ccoo.app\/airbus\/wp-content\/blogs.dir\/6\/files\/sites\/56\/2023\/02\/1-correo-de-airbus-reunion-comite-de-huelga-con-la-direccion-22-febrero-2023_1-873x1024.jpg\" alt=\"1 Correo De Airbus Reuni\u00f3n Comit\u00e9 De Huelga Con La Direcci\u00f3n (22 Febrero 2023) 1\" class=\"wp-image-5576\" width=\"235\" height=\"275\" srcset=\"https:\/\/ccoo.app\/airbus\/wp-content\/blogs.dir\/6\/files\/sites\/56\/2023\/02\/1-correo-de-airbus-reunion-comite-de-huelga-con-la-direccion-22-febrero-2023_1-873x1024.jpg 873w, https:\/\/ccoo.app\/airbus\/wp-content\/blogs.dir\/6\/files\/sites\/56\/2023\/02\/1-correo-de-airbus-reunion-comite-de-huelga-con-la-direccion-22-febrero-2023_1-256x300.jpg 256w, https:\/\/ccoo.app\/airbus\/wp-content\/blogs.dir\/6\/files\/sites\/56\/2023\/02\/1-correo-de-airbus-reunion-comite-de-huelga-con-la-direccion-22-febrero-2023_1-768x901.jpg 768w, https:\/\/ccoo.app\/airbus\/wp-content\/blogs.dir\/6\/files\/sites\/56\/2023\/02\/1-correo-de-airbus-reunion-comite-de-huelga-con-la-direccion-22-febrero-2023_1-1309x1536.jpg 1309w, https:\/\/ccoo.app\/airbus\/wp-content\/blogs.dir\/6\/files\/sites\/56\/2023\/02\/1-correo-de-airbus-reunion-comite-de-huelga-con-la-direccion-22-febrero-2023_1-1746x2048.jpg 1746w\" sizes=\"auto, (max-width: 235px) 100vw, 235px\" \/><\/a><\/figure>\n\n\n\n<figure class=\"wp-block-image size-large is-resized\"><img loading=\"lazy\" decoding=\"async\" src=\"https:\/\/ccoo.app\/airbus\/wp-content\/blogs.dir\/6\/files\/sites\/56\/2023\/02\/1-correo-de-airbus-reunion-comite-de-huelga-con-la-direccion-22-febrero-2023_2-724x1024.jpg\" alt=\"1 Correo De Airbus Reuni\u00f3n Comit\u00e9 De Huelga Con La Direcci\u00f3n (22 Febrero 2023) 2\" class=\"wp-image-5577\" width=\"232\" height=\"328\" srcset=\"https:\/\/ccoo.app\/airbus\/wp-content\/blogs.dir\/6\/files\/sites\/56\/2023\/02\/1-correo-de-airbus-reunion-comite-de-huelga-con-la-direccion-22-febrero-2023_2-724x1024.jpg 724w, https:\/\/ccoo.app\/airbus\/wp-content\/blogs.dir\/6\/files\/sites\/56\/2023\/02\/1-correo-de-airbus-reunion-comite-de-huelga-con-la-direccion-22-febrero-2023_2-212x300.jpg 212w, https:\/\/ccoo.app\/airbus\/wp-content\/blogs.dir\/6\/files\/sites\/56\/2023\/02\/1-correo-de-airbus-reunion-comite-de-huelga-con-la-direccion-22-febrero-2023_2-768x1087.jpg 768w, https:\/\/ccoo.app\/airbus\/wp-content\/blogs.dir\/6\/files\/sites\/56\/2023\/02\/1-correo-de-airbus-reunion-comite-de-huelga-con-la-direccion-22-febrero-2023_2-1086x1536.jpg 1086w, https:\/\/ccoo.app\/airbus\/wp-content\/blogs.dir\/6\/files\/sites\/56\/2023\/02\/1-correo-de-airbus-reunion-comite-de-huelga-con-la-direccion-22-febrero-2023_2-1447x2048.jpg 1447w, https:\/\/ccoo.app\/airbus\/wp-content\/blogs.dir\/6\/files\/sites\/56\/2023\/02\/1-correo-de-airbus-reunion-comite-de-huelga-con-la-direccion-22-febrero-2023_2-scaled.jpg 1809w\" sizes=\"auto, (max-width: 232px) 100vw, 232px\" \/><\/figure>\n\n\n\n<p><\/p>\n","protected":false},"excerpt":{"rendered":"<p>Enlace Doc PDF<\/p>\n","protected":false},"author":33,"featured_media":5576,"comment_status":"closed","ping_status":"closed","sticky":false,"template":"","format":"standard","meta":{"footnotes":""},"categories":[22,29,40,47,50,60,66,73],"tags":[],"class_list":["post-5574","post","type-post","status-publish","format-standard","has-post-thumbnail","hentry","category-barajas-push","category-cbc-push","category-getafe-push","category-illescas-push","category-interempresas-comunicados","category-puertoreal-push","category-sanpablo-push","category-tablada-push","generate-columns","tablet-grid-50","mobile-grid-100","grid-parent","grid-33"],"_links":{"self":[{"href":"https:\/\/ccoo.app\/airbus\/wp-json\/wp\/v2\/posts\/5574","targetHints":{"allow":["GET"]}}],"collection":[{"href":"https:\/\/ccoo.app\/airbus\/wp-json\/wp\/v2\/posts"}],"about":[{"href":"https:\/\/ccoo.app\/airbus\/wp-json\/wp\/v2\/types\/post"}],"author":[{"embeddable":true,"href":"https:\/\/ccoo.app\/airbus\/wp-json\/wp\/v2\/users\/33"}],"replies":[{"embeddable":true,"href":"https:\/\/ccoo.app\/airbus\/wp-json\/wp\/v2\/comments?post=5574"}],"version-history":[{"count":1,"href":"https:\/\/ccoo.app\/airbus\/wp-json\/wp\/v2\/posts\/5574\/revisions"}],"predecessor-version":[{"id":5578,"href":"https:\/\/ccoo.app\/airbus\/wp-json\/wp\/v2\/posts\/5574\/revisions\/5578"}],"wp:featuredmedia":[{"embeddable":true,"href":"https:\/\/ccoo.app\/airbus\/wp-json\/wp\/v2\/media\/5576"}],"wp:attachment":[{"href":"https:\/\/ccoo.app\/airbus\/wp-json\/wp\/v2\/media?parent=5574"}],"wp:term":[{"taxonomy":"category","embeddable":true,"href":"https:\/\/ccoo.app\/airbus\/wp-json\/wp\/v2\/categories?post=5574"},{"taxonomy":"post_tag","embeddable":true,"href":"https:\/\/ccoo.app\/airbus\/wp-json\/wp\/v2\/tags?post=5574"}],"curies":[{"name":"wp","href":"https:\/\/api.w.org\/{rel}","templated":true}]}}