{"id":5558,"date":"2023-02-15T08:11:30","date_gmt":"2023-02-15T07:11:30","guid":{"rendered":"https:\/\/ccoo.app\/airbus\/?p=5558"},"modified":"2023-02-15T08:13:05","modified_gmt":"2023-02-15T07:13:05","slug":"relexiones-en-la-actual-situacion","status":"publish","type":"post","link":"https:\/\/ccoo.app\/airbus\/relexiones-en-la-actual-situacion\/","title":{"rendered":"<strong>RELEXIONES EN LA ACTUAL SITUACI\u00d3N<\/strong>"},"content":{"rendered":"\n<p>Los sindicatos CCOO,&nbsp; UGT-AIRE y&nbsp; ATP.SAe&nbsp; queremos&nbsp; compartir nuestra posici\u00f3n y&nbsp; visi\u00f3n&nbsp; en&nbsp; la&nbsp; actual situaci\u00f3n en la que nos encontramos.&nbsp;Conviene que reflexionemos de manera fr\u00eda y sosegada en qu\u00e9 punto estamos y el porqu\u00e9 de las cuestiones&#8230;&#8230;.<\/p>\n\n\n\n<p class=\"has-text-align-center\"><strong>\u00a1\u00a1\u00a1Por una Revisi\u00f3n Salarial Justa!!!<\/strong><\/p>\n\n\n\n<p><a href=\"https:\/\/ccoo.app\/airbus\/wp-content\/blogs.dir\/6\/files\/sites\/56\/2023\/02\/230214-ccoo-ugt-aire-atp-reflexiones-en-la-actual-posicion.pdf\" class=\"ek-link\">Enlace Doc<\/a><\/p>\n\n\n\n<figure class=\"wp-block-image size-large is-resized\"><a href=\"https:\/\/ccoo.app\/airbus\/wp-content\/blogs.dir\/6\/files\/sites\/56\/2023\/02\/230214-ccoo-ugt-aire-atp-reflexiones-en-la-actual-posicion.pdf\"><img loading=\"lazy\" decoding=\"async\" src=\"https:\/\/ccoo.app\/airbus\/wp-content\/blogs.dir\/6\/files\/sites\/56\/2023\/02\/230214-ccoo-ugt-aire-atp-reflexiones-en-la-actual-posicion_1-791x1024.jpg\" alt=\"230214 Ccoo Ugt Aire Atp Reflexiones En La Actual Posici\u00f3n 1\" class=\"wp-image-5557\" width=\"242\" height=\"313\" srcset=\"https:\/\/ccoo.app\/airbus\/wp-content\/blogs.dir\/6\/files\/sites\/56\/2023\/02\/230214-ccoo-ugt-aire-atp-reflexiones-en-la-actual-posicion_1-791x1024.jpg 791w, https:\/\/ccoo.app\/airbus\/wp-content\/blogs.dir\/6\/files\/sites\/56\/2023\/02\/230214-ccoo-ugt-aire-atp-reflexiones-en-la-actual-posicion_1-232x300.jpg 232w, https:\/\/ccoo.app\/airbus\/wp-content\/blogs.dir\/6\/files\/sites\/56\/2023\/02\/230214-ccoo-ugt-aire-atp-reflexiones-en-la-actual-posicion_1-768x994.jpg 768w, https:\/\/ccoo.app\/airbus\/wp-content\/blogs.dir\/6\/files\/sites\/56\/2023\/02\/230214-ccoo-ugt-aire-atp-reflexiones-en-la-actual-posicion_1-1187x1536.jpg 1187w, https:\/\/ccoo.app\/airbus\/wp-content\/blogs.dir\/6\/files\/sites\/56\/2023\/02\/230214-ccoo-ugt-aire-atp-reflexiones-en-la-actual-posicion_1-1583x2048.jpg 1583w, https:\/\/ccoo.app\/airbus\/wp-content\/blogs.dir\/6\/files\/sites\/56\/2023\/02\/230214-ccoo-ugt-aire-atp-reflexiones-en-la-actual-posicion_1-scaled.jpg 1978w\" sizes=\"auto, (max-width: 242px) 100vw, 242px\" \/><\/a><\/figure>\n\n\n\n<hr class=\"wp-block-separator has-alpha-channel-opacity\" \/>\n","protected":false},"excerpt":{"rendered":"<p>Los sindicatos CCOO,&nbsp; UGT-AIRE y&nbsp; ATP.SAe&nbsp; queremos&nbsp; compartir nuestra posici\u00f3n y&nbsp; visi\u00f3n&nbsp; en&nbsp; la&nbsp; actual situaci\u00f3n en la que nos encontramos.&nbsp;Conviene que reflexionemos de manera fr\u00eda y sosegada en qu\u00e9 &#8230; <a title=\"RELEXIONES EN LA ACTUAL SITUACI\u00d3N\" class=\"read-more\" href=\"https:\/\/ccoo.app\/airbus\/relexiones-en-la-actual-situacion\/\" aria-label=\"Leer m\u00e1s sobre RELEXIONES EN LA ACTUAL SITUACI\u00d3N\">Leer m\u00e1s<\/a><\/p>\n","protected":false},"author":33,"featured_media":5557,"comment_status":"closed","ping_status":"closed","sticky":false,"template":"","format":"standard","meta":{"footnotes":""},"categories":[22,29,40,47,50,81,60,66,73],"tags":[],"class_list":["post-5558","post","type-post","status-publish","format-standard","has-post-thumbnail","hentry","category-barajas-push","category-cbc-push","category-getafe-push","category-illescas-push","category-interempresas-comunicados","category-notificar-prueba-app","category-puertoreal-push","category-sanpablo-push","category-tablada-push","generate-columns","tablet-grid-50","mobile-grid-100","grid-parent","grid-33"],"_links":{"self":[{"href":"https:\/\/ccoo.app\/airbus\/wp-json\/wp\/v2\/posts\/5558","targetHints":{"allow":["GET"]}}],"collection":[{"href":"https:\/\/ccoo.app\/airbus\/wp-json\/wp\/v2\/posts"}],"about":[{"href":"https:\/\/ccoo.app\/airbus\/wp-json\/wp\/v2\/types\/post"}],"author":[{"embeddable":true,"href":"https:\/\/ccoo.app\/airbus\/wp-json\/wp\/v2\/users\/33"}],"replies":[{"embeddable":true,"href":"https:\/\/ccoo.app\/airbus\/wp-json\/wp\/v2\/comments?post=5558"}],"version-history":[{"count":2,"href":"https:\/\/ccoo.app\/airbus\/wp-json\/wp\/v2\/posts\/5558\/revisions"}],"predecessor-version":[{"id":5561,"href":"https:\/\/ccoo.app\/airbus\/wp-json\/wp\/v2\/posts\/5558\/revisions\/5561"}],"wp:featuredmedia":[{"embeddable":true,"href":"https:\/\/ccoo.app\/airbus\/wp-json\/wp\/v2\/media\/5557"}],"wp:attachment":[{"href":"https:\/\/ccoo.app\/airbus\/wp-json\/wp\/v2\/media?parent=5558"}],"wp:term":[{"taxonomy":"category","embeddable":true,"href":"https:\/\/ccoo.app\/airbus\/wp-json\/wp\/v2\/categories?post=5558"},{"taxonomy":"post_tag","embeddable":true,"href":"https:\/\/ccoo.app\/airbus\/wp-json\/wp\/v2\/tags?post=5558"}],"curies":[{"name":"wp","href":"https:\/\/api.w.org\/{rel}","templated":true}]}}