{"id":5543,"date":"2023-02-09T09:17:20","date_gmt":"2023-02-09T08:17:20","guid":{"rendered":"https:\/\/ccoo.app\/airbus\/?p=5543"},"modified":"2023-02-09T09:19:42","modified_gmt":"2023-02-09T08:19:42","slug":"la-media-de-cumplimiento-de-objetivos-individuales-es-del-105","status":"publish","type":"post","link":"https:\/\/ccoo.app\/airbus\/la-media-de-cumplimiento-de-objetivos-individuales-es-del-105\/","title":{"rendered":"<strong>LA MEDIA DE CUMPLIMIENTO DE OBJETIVOS INDIVIDUALES ES DEL 105%<\/strong>"},"content":{"rendered":"\n<figure class=\"wp-block-image size-full is-resized caption-align-center\"><img loading=\"lazy\" decoding=\"async\" src=\"https:\/\/ccoo.app\/airbus\/wp-content\/blogs.dir\/6\/files\/sites\/56\/2022\/11\/logos-del-comite-de-huelga-airbus.jpg\" alt=\"Logos Del Comite De Huelga Airbus\" class=\"wp-image-5192\" width=\"384\" height=\"80\" srcset=\"https:\/\/ccoo.app\/airbus\/wp-content\/blogs.dir\/6\/files\/sites\/56\/2022\/11\/logos-del-comite-de-huelga-airbus.jpg 568w, https:\/\/ccoo.app\/airbus\/wp-content\/blogs.dir\/6\/files\/sites\/56\/2022\/11\/logos-del-comite-de-huelga-airbus-300x62.jpg 300w\" sizes=\"auto, (max-width: 384px) 100vw, 384px\" \/><\/figure>\n\n\n\n<p>Hemos tenido conocimiento de que muchos managers de diferentes \u00e1reas del negocio han recibido la instrucci\u00f3n de que este a\u00f1o la media de cumplimientos de objetivos individuales debe ser del 100%.<\/p>\n\n\n\n<p>Desde CCOO, UGT-Aire y ATP-SAe&nbsp;hemos actuado y contactado con la direcci\u00f3n de RRHH reclamando que se cumpla lo acordado en la PG121C, que dice expresamente que la media de cumplimiento de objetivos individuales es del 105%.&nbsp;<\/p>\n\n\n\n<p>La Direcci\u00f3n est\u00e1 de acuerdo con el planteamiento que hemos realizado y velar\u00e1 por el cumplimiento del mismo para que la media sea lo que se recoge en la PG-121C, es decir el 105%.<\/p>\n\n\n\n<p>Vamos a hacer un seguimiento cercano de este asunto para garantizar su cumplimiento.<\/p>\n","protected":false},"excerpt":{"rendered":"<p>Hemos tenido conocimiento de que muchos managers de diferentes \u00e1reas del negocio han recibido la instrucci\u00f3n de que este a\u00f1o la media de cumplimientos de objetivos individuales debe ser del &#8230; <a title=\"LA MEDIA DE CUMPLIMIENTO DE OBJETIVOS INDIVIDUALES ES DEL 105%\" class=\"read-more\" href=\"https:\/\/ccoo.app\/airbus\/la-media-de-cumplimiento-de-objetivos-individuales-es-del-105\/\" aria-label=\"Leer m\u00e1s sobre LA MEDIA DE CUMPLIMIENTO DE OBJETIVOS INDIVIDUALES ES DEL 105%\">Leer m\u00e1s<\/a><\/p>\n","protected":false},"author":33,"featured_media":551,"comment_status":"closed","ping_status":"closed","sticky":false,"template":"","format":"standard","meta":{"footnotes":""},"categories":[22,29,40,47,50,60,66,73],"tags":[],"class_list":["post-5543","post","type-post","status-publish","format-standard","has-post-thumbnail","hentry","category-barajas-push","category-cbc-push","category-getafe-push","category-illescas-push","category-interempresas-comunicados","category-puertoreal-push","category-sanpablo-push","category-tablada-push","generate-columns","tablet-grid-50","mobile-grid-100","grid-parent","grid-33"],"_links":{"self":[{"href":"https:\/\/ccoo.app\/airbus\/wp-json\/wp\/v2\/posts\/5543","targetHints":{"allow":["GET"]}}],"collection":[{"href":"https:\/\/ccoo.app\/airbus\/wp-json\/wp\/v2\/posts"}],"about":[{"href":"https:\/\/ccoo.app\/airbus\/wp-json\/wp\/v2\/types\/post"}],"author":[{"embeddable":true,"href":"https:\/\/ccoo.app\/airbus\/wp-json\/wp\/v2\/users\/33"}],"replies":[{"embeddable":true,"href":"https:\/\/ccoo.app\/airbus\/wp-json\/wp\/v2\/comments?post=5543"}],"version-history":[{"count":2,"href":"https:\/\/ccoo.app\/airbus\/wp-json\/wp\/v2\/posts\/5543\/revisions"}],"predecessor-version":[{"id":5546,"href":"https:\/\/ccoo.app\/airbus\/wp-json\/wp\/v2\/posts\/5543\/revisions\/5546"}],"wp:featuredmedia":[{"embeddable":true,"href":"https:\/\/ccoo.app\/airbus\/wp-json\/wp\/v2\/media\/551"}],"wp:attachment":[{"href":"https:\/\/ccoo.app\/airbus\/wp-json\/wp\/v2\/media?parent=5543"}],"wp:term":[{"taxonomy":"category","embeddable":true,"href":"https:\/\/ccoo.app\/airbus\/wp-json\/wp\/v2\/categories?post=5543"},{"taxonomy":"post_tag","embeddable":true,"href":"https:\/\/ccoo.app\/airbus\/wp-json\/wp\/v2\/tags?post=5543"}],"curies":[{"name":"wp","href":"https:\/\/api.w.org\/{rel}","templated":true}]}}