{"id":5184,"date":"2022-11-25T10:36:35","date_gmt":"2022-11-25T09:36:35","guid":{"rendered":"https:\/\/ccoo.app\/airbus\/?p=5184"},"modified":"2022-11-25T10:42:22","modified_gmt":"2022-11-25T09:42:22","slug":"analisis-sobre-situacion-economica","status":"publish","type":"post","link":"https:\/\/ccoo.app\/airbus\/analisis-sobre-situacion-economica\/","title":{"rendered":"<strong>AN\u00c1LISIS SOBRE SITUACI\u00d3N ECON\u00d3MICA&nbsp;<\/strong>"},"content":{"rendered":"\n<p>Para conocimiento de toda la plantilla, adjunto enviamos an\u00e1lisis sobre la situaci\u00f3n econ\u00f3mica, realizado por los sindicatos integrantes del comit\u00e9 de huelga y enviado ayer 24 de noviembre a la Direcci\u00f3n de Airbus Espa\u00f1a.<\/p>\n\n\n\n<p class=\"has-text-align-center\"><strong>\u00a1\u00a1\u00a1Por una Revisi\u00f3n Salarial Justa!!!<\/strong><\/p>\n\n\n\n<p><a href=\"https:\/\/ccoo.app\/airbus\/wp-content\/blogs.dir\/6\/files\/sites\/56\/2022\/11\/221124-analisis-sobre-situacion-economica.pdf\" class=\"ek-link\">Enlace a Doc<\/a><\/p>\n\n\n\n<figure class=\"wp-block-image size-large is-resized\"><a href=\"https:\/\/ccoo.app\/airbus\/wp-content\/blogs.dir\/6\/files\/sites\/56\/2022\/11\/221124-analisis-sobre-situacion-economica.pdf\"><img loading=\"lazy\" decoding=\"async\" src=\"https:\/\/ccoo.app\/airbus\/wp-content\/blogs.dir\/6\/files\/sites\/56\/2022\/11\/221124-analisis-sobre-situacion-economica_1-724x1024.jpg\" alt=\"221124 Analisis Sobre Situaci\u00f3n Econ\u00f3mica 1\" class=\"wp-image-5179\" width=\"223\" height=\"315\" srcset=\"https:\/\/ccoo.app\/airbus\/wp-content\/blogs.dir\/6\/files\/sites\/56\/2022\/11\/221124-analisis-sobre-situacion-economica_1-724x1024.jpg 724w, https:\/\/ccoo.app\/airbus\/wp-content\/blogs.dir\/6\/files\/sites\/56\/2022\/11\/221124-analisis-sobre-situacion-economica_1-212x300.jpg 212w, https:\/\/ccoo.app\/airbus\/wp-content\/blogs.dir\/6\/files\/sites\/56\/2022\/11\/221124-analisis-sobre-situacion-economica_1-768x1086.jpg 768w, https:\/\/ccoo.app\/airbus\/wp-content\/blogs.dir\/6\/files\/sites\/56\/2022\/11\/221124-analisis-sobre-situacion-economica_1-1086x1536.jpg 1086w, https:\/\/ccoo.app\/airbus\/wp-content\/blogs.dir\/6\/files\/sites\/56\/2022\/11\/221124-analisis-sobre-situacion-economica_1-1448x2048.jpg 1448w, https:\/\/ccoo.app\/airbus\/wp-content\/blogs.dir\/6\/files\/sites\/56\/2022\/11\/221124-analisis-sobre-situacion-economica_1-scaled.jpg 1810w\" sizes=\"auto, (max-width: 223px) 100vw, 223px\" \/><\/a><\/figure>\n\n\n\n<p><\/p>\n\n\n\n<hr class=\"wp-block-separator has-alpha-channel-opacity\" \/>\n\n\n\n<figure class=\"wp-block-image size-large is-resized\"><img loading=\"lazy\" decoding=\"async\" src=\"https:\/\/ccoo.app\/airbus\/wp-content\/blogs.dir\/6\/files\/sites\/56\/2020\/02\/ccoo-la-fuerza-colectiva-1011x1024.jpg\" alt=\"Ccoo La Fuerza Colectiva\" class=\"wp-image-689\" width=\"208\" height=\"210\" srcset=\"https:\/\/ccoo.app\/airbus\/wp-content\/blogs.dir\/6\/files\/sites\/56\/2020\/02\/ccoo-la-fuerza-colectiva-1011x1024.jpg 1011w, https:\/\/ccoo.app\/airbus\/wp-content\/blogs.dir\/6\/files\/sites\/56\/2020\/02\/ccoo-la-fuerza-colectiva-296x300.jpg 296w, https:\/\/ccoo.app\/airbus\/wp-content\/blogs.dir\/6\/files\/sites\/56\/2020\/02\/ccoo-la-fuerza-colectiva-150x150.jpg 150w, https:\/\/ccoo.app\/airbus\/wp-content\/blogs.dir\/6\/files\/sites\/56\/2020\/02\/ccoo-la-fuerza-colectiva-768x778.jpg 768w, https:\/\/ccoo.app\/airbus\/wp-content\/blogs.dir\/6\/files\/sites\/56\/2020\/02\/ccoo-la-fuerza-colectiva.jpg 1080w\" sizes=\"auto, (max-width: 208px) 100vw, 208px\" \/><\/figure>\n","protected":false},"excerpt":{"rendered":"<p>Para conocimiento de toda la plantilla, adjunto enviamos an\u00e1lisis sobre la situaci\u00f3n econ\u00f3mica, realizado por los sindicatos integrantes del comit\u00e9 de huelga y enviado ayer 24 de noviembre a la &#8230; <a title=\"AN\u00c1LISIS SOBRE SITUACI\u00d3N ECON\u00d3MICA&nbsp;\" class=\"read-more\" href=\"https:\/\/ccoo.app\/airbus\/analisis-sobre-situacion-economica\/\" aria-label=\"Leer m\u00e1s sobre AN\u00c1LISIS SOBRE SITUACI\u00d3N ECON\u00d3MICA&nbsp;\">Leer m\u00e1s<\/a><\/p>\n","protected":false},"author":33,"featured_media":5179,"comment_status":"closed","ping_status":"closed","sticky":false,"template":"","format":"standard","meta":{"footnotes":""},"categories":[22,29,40,48,60,66,73],"tags":[],"class_list":["post-5184","post","type-post","status-publish","format-standard","has-post-thumbnail","hentry","category-barajas-push","category-cbc-push","category-getafe-push","category-illescas-transporte","category-puertoreal-push","category-sanpablo-push","category-tablada-push","generate-columns","tablet-grid-50","mobile-grid-100","grid-parent","grid-33"],"_links":{"self":[{"href":"https:\/\/ccoo.app\/airbus\/wp-json\/wp\/v2\/posts\/5184","targetHints":{"allow":["GET"]}}],"collection":[{"href":"https:\/\/ccoo.app\/airbus\/wp-json\/wp\/v2\/posts"}],"about":[{"href":"https:\/\/ccoo.app\/airbus\/wp-json\/wp\/v2\/types\/post"}],"author":[{"embeddable":true,"href":"https:\/\/ccoo.app\/airbus\/wp-json\/wp\/v2\/users\/33"}],"replies":[{"embeddable":true,"href":"https:\/\/ccoo.app\/airbus\/wp-json\/wp\/v2\/comments?post=5184"}],"version-history":[{"count":3,"href":"https:\/\/ccoo.app\/airbus\/wp-json\/wp\/v2\/posts\/5184\/revisions"}],"predecessor-version":[{"id":5189,"href":"https:\/\/ccoo.app\/airbus\/wp-json\/wp\/v2\/posts\/5184\/revisions\/5189"}],"wp:featuredmedia":[{"embeddable":true,"href":"https:\/\/ccoo.app\/airbus\/wp-json\/wp\/v2\/media\/5179"}],"wp:attachment":[{"href":"https:\/\/ccoo.app\/airbus\/wp-json\/wp\/v2\/media?parent=5184"}],"wp:term":[{"taxonomy":"category","embeddable":true,"href":"https:\/\/ccoo.app\/airbus\/wp-json\/wp\/v2\/categories?post=5184"},{"taxonomy":"post_tag","embeddable":true,"href":"https:\/\/ccoo.app\/airbus\/wp-json\/wp\/v2\/tags?post=5184"}],"curies":[{"name":"wp","href":"https:\/\/api.w.org\/{rel}","templated":true}]}}