{"id":5019,"date":"2022-10-13T11:40:02","date_gmt":"2022-10-13T09:40:02","guid":{"rendered":"https:\/\/ccoo.app\/airbus\/?p=5019"},"modified":"2022-10-13T11:45:45","modified_gmt":"2022-10-13T09:45:45","slug":"cc-oo-y-ugt-aire","status":"publish","type":"post","link":"https:\/\/ccoo.app\/airbus\/cc-oo-y-ugt-aire\/","title":{"rendered":"CC.OO Y UGT AIRE"},"content":{"rendered":"\n<p><strong>POR LA REVISI\u00d3N SALARIAL EN AIRBUS<\/strong><\/p>\n\n\n\n<p><strong>\u00bfLLAMAR A LA UNIDAD ES SACAR UN COMUNICADO D\u00cdAS ANTES DE LA REUNI\u00d3N INTENTANDO BURDAMENTE CONDICIONAR LA MISMA?<\/strong><\/p>\n\n\n\n<p><strong>La finalidad<\/strong><strong>&nbsp;de la reuni\u00f3n de hoy no es otr<\/strong><strong>a<\/strong><strong>&nbsp;que volver a invitar a los no firmantes a adherirse al Acuerdo<\/strong><strong>&nbsp;y, en tal caso, participar en todo el proceso incluidas<\/strong><strong>&nbsp;<\/strong><strong>las&nbsp;<\/strong><strong>medidas de presi\u00f3n que se precisen para alcanzar el acuerdo de revisi\u00f3n salarial&nbsp;<\/strong><strong>tan necesario para todos&nbsp;<\/strong><strong>los trabajadores<\/strong>.<\/p>\n\n\n\n<p><strong>RECORDAR que CCOO y UGT AIRE, ya hemos puesto en marcha el citado mecanismo y se han mantenido reuniones con la Direcci\u00f3n .&nbsp;<\/strong><strong>(Adjuntamos comunicado).<\/strong><\/p>\n\n\n\n<p><strong>POR UNA REVISI\u00d3N SALARIAL JUSTA\u00a1\u00a1\u00a1\u00a1\u00a1\u00a1<\/strong><\/p>\n\n\n\n<p><strong>CCOO Y UGT AIRE CUMPLIENDO EL CONVENIO.<\/strong><\/p>\n\n\n\n<p><a href=\"https:\/\/ccoo.app\/airbus\/wp-content\/blogs.dir\/6\/files\/sites\/56\/2022\/10\/221013-ccoo-y-ugt-por-la-revision-salarial.pdf\" class=\"ek-link\">Enlace al Doc<\/a><\/p>\n\n\n\n<figure class=\"wp-block-image size-large is-resized\"><a href=\"https:\/\/ccoo.app\/airbus\/wp-content\/blogs.dir\/6\/files\/sites\/56\/2022\/10\/221013-ccoo-y-ugt-por-la-revision-salarial.pdf\"><img loading=\"lazy\" decoding=\"async\" src=\"https:\/\/ccoo.app\/airbus\/wp-content\/blogs.dir\/6\/files\/sites\/56\/2022\/10\/221013-ccoo-y-ugt-por-la-revision-salarial_page-0001-791x1024.jpg\" alt=\"221013 Ccoo Y Ugt Por La Revisi\u00f3n Salarial Page 0001\" class=\"wp-image-5017\" width=\"314\" height=\"406\" srcset=\"https:\/\/ccoo.app\/airbus\/wp-content\/blogs.dir\/6\/files\/sites\/56\/2022\/10\/221013-ccoo-y-ugt-por-la-revision-salarial_page-0001-791x1024.jpg 791w, https:\/\/ccoo.app\/airbus\/wp-content\/blogs.dir\/6\/files\/sites\/56\/2022\/10\/221013-ccoo-y-ugt-por-la-revision-salarial_page-0001-232x300.jpg 232w, https:\/\/ccoo.app\/airbus\/wp-content\/blogs.dir\/6\/files\/sites\/56\/2022\/10\/221013-ccoo-y-ugt-por-la-revision-salarial_page-0001-768x994.jpg 768w, https:\/\/ccoo.app\/airbus\/wp-content\/blogs.dir\/6\/files\/sites\/56\/2022\/10\/221013-ccoo-y-ugt-por-la-revision-salarial_page-0001-1187x1536.jpg 1187w, https:\/\/ccoo.app\/airbus\/wp-content\/blogs.dir\/6\/files\/sites\/56\/2022\/10\/221013-ccoo-y-ugt-por-la-revision-salarial_page-0001.jpg 1275w\" sizes=\"auto, (max-width: 314px) 100vw, 314px\" \/><\/a><\/figure>\n\n\n\n<figure class=\"wp-block-image size-large is-resized\"><img loading=\"lazy\" decoding=\"async\" src=\"https:\/\/ccoo.app\/airbus\/wp-content\/blogs.dir\/6\/files\/sites\/56\/2022\/10\/221013-ccoo-y-ugt-por-la-revision-salarial_page-0002-791x1024.jpg\" alt=\"221013 Ccoo Y Ugt Por La Revisi\u00f3n Salarial Page 0002\" class=\"wp-image-5018\" width=\"293\" height=\"380\" srcset=\"https:\/\/ccoo.app\/airbus\/wp-content\/blogs.dir\/6\/files\/sites\/56\/2022\/10\/221013-ccoo-y-ugt-por-la-revision-salarial_page-0002-791x1024.jpg 791w, https:\/\/ccoo.app\/airbus\/wp-content\/blogs.dir\/6\/files\/sites\/56\/2022\/10\/221013-ccoo-y-ugt-por-la-revision-salarial_page-0002-232x300.jpg 232w, https:\/\/ccoo.app\/airbus\/wp-content\/blogs.dir\/6\/files\/sites\/56\/2022\/10\/221013-ccoo-y-ugt-por-la-revision-salarial_page-0002-768x994.jpg 768w, https:\/\/ccoo.app\/airbus\/wp-content\/blogs.dir\/6\/files\/sites\/56\/2022\/10\/221013-ccoo-y-ugt-por-la-revision-salarial_page-0002-1187x1536.jpg 1187w, https:\/\/ccoo.app\/airbus\/wp-content\/blogs.dir\/6\/files\/sites\/56\/2022\/10\/221013-ccoo-y-ugt-por-la-revision-salarial_page-0002.jpg 1275w\" sizes=\"auto, (max-width: 293px) 100vw, 293px\" \/><\/figure>\n\n\n\n<figure class=\"wp-block-image size-large is-resized\"><img loading=\"lazy\" decoding=\"async\" src=\"https:\/\/ccoo.app\/airbus\/wp-content\/blogs.dir\/6\/files\/sites\/56\/2020\/02\/ccoo-la-fuerza-colectiva-1011x1024.jpg\" alt=\"Ccoo La Fuerza Colectiva\" class=\"wp-image-689\" width=\"421\" height=\"426\" srcset=\"https:\/\/ccoo.app\/airbus\/wp-content\/blogs.dir\/6\/files\/sites\/56\/2020\/02\/ccoo-la-fuerza-colectiva-1011x1024.jpg 1011w, https:\/\/ccoo.app\/airbus\/wp-content\/blogs.dir\/6\/files\/sites\/56\/2020\/02\/ccoo-la-fuerza-colectiva-296x300.jpg 296w, https:\/\/ccoo.app\/airbus\/wp-content\/blogs.dir\/6\/files\/sites\/56\/2020\/02\/ccoo-la-fuerza-colectiva-768x778.jpg 768w, https:\/\/ccoo.app\/airbus\/wp-content\/blogs.dir\/6\/files\/sites\/56\/2020\/02\/ccoo-la-fuerza-colectiva.jpg 1080w\" sizes=\"auto, (max-width: 421px) 100vw, 421px\" \/><\/figure>\n","protected":false},"excerpt":{"rendered":"<p>POR LA REVISI\u00d3N SALARIAL EN AIRBUS \u00bfLLAMAR A LA UNIDAD ES SACAR UN COMUNICADO D\u00cdAS ANTES DE LA REUNI\u00d3N INTENTANDO BURDAMENTE CONDICIONAR LA MISMA? La finalidad&nbsp;de la reuni\u00f3n de hoy &#8230; <a title=\"CC.OO Y UGT AIRE\" class=\"read-more\" href=\"https:\/\/ccoo.app\/airbus\/cc-oo-y-ugt-aire\/\" aria-label=\"Leer m\u00e1s sobre CC.OO Y UGT AIRE\">Leer m\u00e1s<\/a><\/p>\n","protected":false},"author":33,"featured_media":689,"comment_status":"closed","ping_status":"closed","sticky":false,"template":"","format":"standard","meta":{"footnotes":""},"categories":[22,1,29,40,47,50,60,66,73],"tags":[],"class_list":["post-5019","post","type-post","status-publish","format-standard","has-post-thumbnail","hentry","category-barajas-push","category-blog","category-cbc-push","category-getafe-push","category-illescas-push","category-interempresas-comunicados","category-puertoreal-push","category-sanpablo-push","category-tablada-push","generate-columns","tablet-grid-50","mobile-grid-100","grid-parent","grid-33"],"_links":{"self":[{"href":"https:\/\/ccoo.app\/airbus\/wp-json\/wp\/v2\/posts\/5019","targetHints":{"allow":["GET"]}}],"collection":[{"href":"https:\/\/ccoo.app\/airbus\/wp-json\/wp\/v2\/posts"}],"about":[{"href":"https:\/\/ccoo.app\/airbus\/wp-json\/wp\/v2\/types\/post"}],"author":[{"embeddable":true,"href":"https:\/\/ccoo.app\/airbus\/wp-json\/wp\/v2\/users\/33"}],"replies":[{"embeddable":true,"href":"https:\/\/ccoo.app\/airbus\/wp-json\/wp\/v2\/comments?post=5019"}],"version-history":[{"count":2,"href":"https:\/\/ccoo.app\/airbus\/wp-json\/wp\/v2\/posts\/5019\/revisions"}],"predecessor-version":[{"id":5021,"href":"https:\/\/ccoo.app\/airbus\/wp-json\/wp\/v2\/posts\/5019\/revisions\/5021"}],"wp:featuredmedia":[{"embeddable":true,"href":"https:\/\/ccoo.app\/airbus\/wp-json\/wp\/v2\/media\/689"}],"wp:attachment":[{"href":"https:\/\/ccoo.app\/airbus\/wp-json\/wp\/v2\/media?parent=5019"}],"wp:term":[{"taxonomy":"category","embeddable":true,"href":"https:\/\/ccoo.app\/airbus\/wp-json\/wp\/v2\/categories?post=5019"},{"taxonomy":"post_tag","embeddable":true,"href":"https:\/\/ccoo.app\/airbus\/wp-json\/wp\/v2\/tags?post=5019"}],"curies":[{"name":"wp","href":"https:\/\/api.w.org\/{rel}","templated":true}]}}