{"id":5006,"date":"2022-10-07T09:38:03","date_gmt":"2022-10-07T07:38:03","guid":{"rendered":"https:\/\/ccoo.app\/airbus\/?p=5006"},"modified":"2022-10-07T09:40:36","modified_gmt":"2022-10-07T07:40:36","slug":"proyecto-industrial-de-cadiz","status":"publish","type":"post","link":"https:\/\/ccoo.app\/airbus\/proyecto-industrial-de-cadiz\/","title":{"rendered":"PROYECTO INDUSTRIAL DE C\u00c1DIZ"},"content":{"rendered":"\n<p><strong>CCOO Y UGT-AIRE queremos compartir nuestra valoraci\u00f3n sobre los \u00faltimos avances en el proyecto de consolidaci\u00f3n de las actividades industriales del sector aeroespacial en C\u00e1diz.<\/strong><\/p>\n\n\n\n<p><a href=\"https:\/\/ccoo.app\/airbus\/wp-content\/blogs.dir\/6\/files\/sites\/56\/2022\/10\/221007-proyecto-industrial-de-cadiz.pdf\" class=\"ek-link\">Enlace Doc<\/a><\/p>\n\n\n\n<figure class=\"wp-block-image size-large is-resized\"><img loading=\"lazy\" decoding=\"async\" src=\"https:\/\/ccoo.app\/airbus\/wp-content\/blogs.dir\/6\/files\/sites\/56\/2022\/10\/221007-proyecto-industrial-de-cadiz_1-791x1024.jpg\" alt=\"221007 Proyecto Industrial De C\u00e1diz 1\" class=\"wp-image-5004\" width=\"262\" height=\"339\" srcset=\"https:\/\/ccoo.app\/airbus\/wp-content\/blogs.dir\/6\/files\/sites\/56\/2022\/10\/221007-proyecto-industrial-de-cadiz_1-791x1024.jpg 791w, https:\/\/ccoo.app\/airbus\/wp-content\/blogs.dir\/6\/files\/sites\/56\/2022\/10\/221007-proyecto-industrial-de-cadiz_1-232x300.jpg 232w, https:\/\/ccoo.app\/airbus\/wp-content\/blogs.dir\/6\/files\/sites\/56\/2022\/10\/221007-proyecto-industrial-de-cadiz_1-768x994.jpg 768w, https:\/\/ccoo.app\/airbus\/wp-content\/blogs.dir\/6\/files\/sites\/56\/2022\/10\/221007-proyecto-industrial-de-cadiz_1-1187x1536.jpg 1187w, https:\/\/ccoo.app\/airbus\/wp-content\/blogs.dir\/6\/files\/sites\/56\/2022\/10\/221007-proyecto-industrial-de-cadiz_1-1583x2048.jpg 1583w, https:\/\/ccoo.app\/airbus\/wp-content\/blogs.dir\/6\/files\/sites\/56\/2022\/10\/221007-proyecto-industrial-de-cadiz_1-scaled.jpg 1978w\" sizes=\"auto, (max-width: 262px) 100vw, 262px\" \/><\/figure>\n\n\n\n<figure class=\"wp-block-image size-large is-resized\"><img loading=\"lazy\" decoding=\"async\" src=\"https:\/\/ccoo.app\/airbus\/wp-content\/blogs.dir\/6\/files\/sites\/56\/2020\/02\/ccoo-la-fuerza-colectiva-1011x1024.jpg\" alt=\"Ccoo La Fuerza Colectiva\" class=\"wp-image-689\" width=\"315\" height=\"319\" srcset=\"https:\/\/ccoo.app\/airbus\/wp-content\/blogs.dir\/6\/files\/sites\/56\/2020\/02\/ccoo-la-fuerza-colectiva-1011x1024.jpg 1011w, https:\/\/ccoo.app\/airbus\/wp-content\/blogs.dir\/6\/files\/sites\/56\/2020\/02\/ccoo-la-fuerza-colectiva-296x300.jpg 296w, https:\/\/ccoo.app\/airbus\/wp-content\/blogs.dir\/6\/files\/sites\/56\/2020\/02\/ccoo-la-fuerza-colectiva-768x778.jpg 768w, https:\/\/ccoo.app\/airbus\/wp-content\/blogs.dir\/6\/files\/sites\/56\/2020\/02\/ccoo-la-fuerza-colectiva.jpg 1080w\" sizes=\"auto, (max-width: 315px) 100vw, 315px\" \/><\/figure>\n","protected":false},"excerpt":{"rendered":"<p>CCOO Y UGT-AIRE queremos compartir nuestra valoraci\u00f3n sobre los \u00faltimos avances en el proyecto de consolidaci\u00f3n de las actividades industriales del sector aeroespacial en C\u00e1diz. Enlace Doc<\/p>\n","protected":false},"author":33,"featured_media":5004,"comment_status":"closed","ping_status":"closed","sticky":false,"template":"","format":"standard","meta":{"footnotes":""},"categories":[22,29,40,47,60,66,73],"tags":[],"class_list":["post-5006","post","type-post","status-publish","format-standard","has-post-thumbnail","hentry","category-barajas-push","category-cbc-push","category-getafe-push","category-illescas-push","category-puertoreal-push","category-sanpablo-push","category-tablada-push","generate-columns","tablet-grid-50","mobile-grid-100","grid-parent","grid-33"],"_links":{"self":[{"href":"https:\/\/ccoo.app\/airbus\/wp-json\/wp\/v2\/posts\/5006","targetHints":{"allow":["GET"]}}],"collection":[{"href":"https:\/\/ccoo.app\/airbus\/wp-json\/wp\/v2\/posts"}],"about":[{"href":"https:\/\/ccoo.app\/airbus\/wp-json\/wp\/v2\/types\/post"}],"author":[{"embeddable":true,"href":"https:\/\/ccoo.app\/airbus\/wp-json\/wp\/v2\/users\/33"}],"replies":[{"embeddable":true,"href":"https:\/\/ccoo.app\/airbus\/wp-json\/wp\/v2\/comments?post=5006"}],"version-history":[{"count":3,"href":"https:\/\/ccoo.app\/airbus\/wp-json\/wp\/v2\/posts\/5006\/revisions"}],"predecessor-version":[{"id":5009,"href":"https:\/\/ccoo.app\/airbus\/wp-json\/wp\/v2\/posts\/5006\/revisions\/5009"}],"wp:featuredmedia":[{"embeddable":true,"href":"https:\/\/ccoo.app\/airbus\/wp-json\/wp\/v2\/media\/5004"}],"wp:attachment":[{"href":"https:\/\/ccoo.app\/airbus\/wp-json\/wp\/v2\/media?parent=5006"}],"wp:term":[{"taxonomy":"category","embeddable":true,"href":"https:\/\/ccoo.app\/airbus\/wp-json\/wp\/v2\/categories?post=5006"},{"taxonomy":"post_tag","embeddable":true,"href":"https:\/\/ccoo.app\/airbus\/wp-json\/wp\/v2\/tags?post=5006"}],"curies":[{"name":"wp","href":"https:\/\/api.w.org\/{rel}","templated":true}]}}