{"id":4982,"date":"2022-10-04T12:22:24","date_gmt":"2022-10-04T10:22:24","guid":{"rendered":"https:\/\/ccoo.app\/airbus\/?p=4982"},"modified":"2022-10-04T12:26:16","modified_gmt":"2022-10-04T10:26:16","slug":"ccoo-sesion-de-comunicacion-airbus","status":"publish","type":"post","link":"https:\/\/ccoo.app\/airbus\/ccoo-sesion-de-comunicacion-airbus\/","title":{"rendered":"CCOO Airbus Sesi\u00f3n de Comunicaci\u00f3n"},"content":{"rendered":"\n<p class=\"has-text-align-center\"><strong>Secci\u00f3n Sindical Interempresas CCOO<\/strong><\/p>\n\n\n\n<p>Para todos aquellos que el pasado&nbsp;<strong>30 de septiembre&nbsp;<\/strong>no pudisteis conectaros a nuestra sesi\u00f3n de comunicaci\u00f3n, os animamos a que lo hag\u00e1is&nbsp;pinchando el link que aqu\u00ed&nbsp;os enviamos, no obstante cualquier consulta o duda que teng\u00e1is&nbsp;pod\u00e9is&nbsp;acudir a nuestra secci\u00f3n sindical y os las solventaremos.<\/p>\n\n\n\n<p>E<a href=\"https:\/\/youtu.be\/bplGtkpZ7xk\" class=\"ek-link\">nlace a la grabaci\u00f3n de la sesi\u00f3n.<\/a><\/p>\n\n\n\n<figure class=\"wp-block-image size-full is-resized\"><a href=\"https:\/\/youtu.be\/bplGtkpZ7xk\"><img loading=\"lazy\" decoding=\"async\" src=\"https:\/\/ccoo.app\/airbus\/wp-content\/blogs.dir\/6\/files\/sites\/56\/2022\/10\/captura-de-pantalla-2022-10-04-121617.jpg\" alt=\"Captura De Pantalla 2022 10 04 121617\" class=\"wp-image-4983\" width=\"217\" height=\"146\" srcset=\"https:\/\/ccoo.app\/airbus\/wp-content\/blogs.dir\/6\/files\/sites\/56\/2022\/10\/captura-de-pantalla-2022-10-04-121617.jpg 636w, https:\/\/ccoo.app\/airbus\/wp-content\/blogs.dir\/6\/files\/sites\/56\/2022\/10\/captura-de-pantalla-2022-10-04-121617-300x201.jpg 300w\" sizes=\"auto, (max-width: 217px) 100vw, 217px\" \/><\/a><\/figure>\n\n\n<div class=\"wp-block-image\">\n<figure class=\"alignleft size-large is-resized\"><img loading=\"lazy\" decoding=\"async\" src=\"https:\/\/ccoo.app\/airbus\/wp-content\/blogs.dir\/6\/files\/sites\/56\/2020\/02\/ccoo-la-fuerza-colectiva-1011x1024.jpg\" alt=\"Ccoo La Fuerza Colectiva\" class=\"wp-image-689\" width=\"164\" height=\"167\" srcset=\"https:\/\/ccoo.app\/airbus\/wp-content\/blogs.dir\/6\/files\/sites\/56\/2020\/02\/ccoo-la-fuerza-colectiva-1011x1024.jpg 1011w, https:\/\/ccoo.app\/airbus\/wp-content\/blogs.dir\/6\/files\/sites\/56\/2020\/02\/ccoo-la-fuerza-colectiva-296x300.jpg 296w, https:\/\/ccoo.app\/airbus\/wp-content\/blogs.dir\/6\/files\/sites\/56\/2020\/02\/ccoo-la-fuerza-colectiva-768x778.jpg 768w, https:\/\/ccoo.app\/airbus\/wp-content\/blogs.dir\/6\/files\/sites\/56\/2020\/02\/ccoo-la-fuerza-colectiva.jpg 1080w\" sizes=\"auto, (max-width: 164px) 100vw, 164px\" \/><\/figure>\n<\/div>","protected":false},"excerpt":{"rendered":"<p>Secci\u00f3n Sindical Interempresas CCOO Para todos aquellos que el pasado&nbsp;30 de septiembre&nbsp;no pudisteis conectaros a nuestra sesi\u00f3n de comunicaci\u00f3n, os animamos a que lo hag\u00e1is&nbsp;pinchando el link que aqu\u00ed&nbsp;os enviamos, &#8230; <a title=\"CCOO Airbus Sesi\u00f3n de Comunicaci\u00f3n\" class=\"read-more\" href=\"https:\/\/ccoo.app\/airbus\/ccoo-sesion-de-comunicacion-airbus\/\" aria-label=\"Leer m\u00e1s sobre CCOO Airbus Sesi\u00f3n de Comunicaci\u00f3n\">Leer m\u00e1s<\/a><\/p>\n","protected":false},"author":33,"featured_media":4983,"comment_status":"closed","ping_status":"closed","sticky":false,"template":"","format":"standard","meta":{"footnotes":""},"categories":[22,1,29,40,47,50,60,66,73],"tags":[],"class_list":["post-4982","post","type-post","status-publish","format-standard","has-post-thumbnail","hentry","category-barajas-push","category-blog","category-cbc-push","category-getafe-push","category-illescas-push","category-interempresas-comunicados","category-puertoreal-push","category-sanpablo-push","category-tablada-push","generate-columns","tablet-grid-50","mobile-grid-100","grid-parent","grid-33"],"_links":{"self":[{"href":"https:\/\/ccoo.app\/airbus\/wp-json\/wp\/v2\/posts\/4982","targetHints":{"allow":["GET"]}}],"collection":[{"href":"https:\/\/ccoo.app\/airbus\/wp-json\/wp\/v2\/posts"}],"about":[{"href":"https:\/\/ccoo.app\/airbus\/wp-json\/wp\/v2\/types\/post"}],"author":[{"embeddable":true,"href":"https:\/\/ccoo.app\/airbus\/wp-json\/wp\/v2\/users\/33"}],"replies":[{"embeddable":true,"href":"https:\/\/ccoo.app\/airbus\/wp-json\/wp\/v2\/comments?post=4982"}],"version-history":[{"count":3,"href":"https:\/\/ccoo.app\/airbus\/wp-json\/wp\/v2\/posts\/4982\/revisions"}],"predecessor-version":[{"id":4986,"href":"https:\/\/ccoo.app\/airbus\/wp-json\/wp\/v2\/posts\/4982\/revisions\/4986"}],"wp:featuredmedia":[{"embeddable":true,"href":"https:\/\/ccoo.app\/airbus\/wp-json\/wp\/v2\/media\/4983"}],"wp:attachment":[{"href":"https:\/\/ccoo.app\/airbus\/wp-json\/wp\/v2\/media?parent=4982"}],"wp:term":[{"taxonomy":"category","embeddable":true,"href":"https:\/\/ccoo.app\/airbus\/wp-json\/wp\/v2\/categories?post=4982"},{"taxonomy":"post_tag","embeddable":true,"href":"https:\/\/ccoo.app\/airbus\/wp-json\/wp\/v2\/tags?post=4982"}],"curies":[{"name":"wp","href":"https:\/\/api.w.org\/{rel}","templated":true}]}}