{"id":4815,"date":"2022-07-21T12:23:09","date_gmt":"2022-07-21T10:23:09","guid":{"rendered":"https:\/\/ccoo.app\/airbus\/?p=4815"},"modified":"2022-07-21T12:28:43","modified_gmt":"2022-07-21T10:28:43","slug":"vision-2030-aosl","status":"publish","type":"post","link":"https:\/\/ccoo.app\/airbus\/vision-2030-aosl\/","title":{"rendered":"<strong>VISI\u00d3N 2030 &#8211; AOSL<\/strong>"},"content":{"rendered":"\n<p><strong>El pasado d\u00eda 13 de julio, los sindicatos firmantes del VI Convenio Colectivo Interempresas, CCOO y UGT-AIRE, mantuvimos con la Direcci\u00f3n la primera reuni\u00f3n de la comisi\u00f3n llamada Visi\u00f3n 2030, os invitamos a leer que se habl\u00f3 en este reuni\u00f3n.<\/strong>&nbsp;<\/p>\n\n\n\n<p><a href=\"https:\/\/ccoo.app\/airbus\/wp-content\/blogs.dir\/6\/files\/sites\/56\/2022\/07\/220721-vision-2030.pdf\" class=\"ek-link\">Enlace a Doc<\/a><\/p>\n\n\n\n<figure class=\"wp-block-image size-large is-resized\"><a href=\"https:\/\/ccoo.app\/airbus\/wp-content\/blogs.dir\/6\/files\/sites\/56\/2022\/07\/220721-vision-2030.pdf\"><img loading=\"lazy\" decoding=\"async\" src=\"https:\/\/ccoo.app\/airbus\/wp-content\/blogs.dir\/6\/files\/sites\/56\/2022\/07\/220721-vision-2030_1-791x1024.jpg\" alt=\"220721 Vision 2030 1\" class=\"wp-image-4817\" width=\"233\" height=\"302\" srcset=\"https:\/\/ccoo.app\/airbus\/wp-content\/blogs.dir\/6\/files\/sites\/56\/2022\/07\/220721-vision-2030_1-791x1024.jpg 791w, https:\/\/ccoo.app\/airbus\/wp-content\/blogs.dir\/6\/files\/sites\/56\/2022\/07\/220721-vision-2030_1-232x300.jpg 232w, https:\/\/ccoo.app\/airbus\/wp-content\/blogs.dir\/6\/files\/sites\/56\/2022\/07\/220721-vision-2030_1-768x994.jpg 768w, https:\/\/ccoo.app\/airbus\/wp-content\/blogs.dir\/6\/files\/sites\/56\/2022\/07\/220721-vision-2030_1-1187x1536.jpg 1187w, https:\/\/ccoo.app\/airbus\/wp-content\/blogs.dir\/6\/files\/sites\/56\/2022\/07\/220721-vision-2030_1-1583x2048.jpg 1583w, https:\/\/ccoo.app\/airbus\/wp-content\/blogs.dir\/6\/files\/sites\/56\/2022\/07\/220721-vision-2030_1-scaled.jpg 1978w\" sizes=\"auto, (max-width: 233px) 100vw, 233px\" \/><\/a><\/figure>\n\n\n\n<hr class=\"wp-block-separator has-alpha-channel-opacity\" \/>\n\n\n\n<figure class=\"wp-block-image size-large is-resized\"><img loading=\"lazy\" decoding=\"async\" src=\"https:\/\/ccoo.app\/airbus\/wp-content\/blogs.dir\/6\/files\/sites\/56\/2020\/02\/ccoo-la-fuerza-colectiva-1011x1024.jpg\" alt=\"Ccoo La Fuerza Colectiva\" class=\"wp-image-689\" width=\"200\" height=\"203\" srcset=\"https:\/\/ccoo.app\/airbus\/wp-content\/blogs.dir\/6\/files\/sites\/56\/2020\/02\/ccoo-la-fuerza-colectiva-1011x1024.jpg 1011w, https:\/\/ccoo.app\/airbus\/wp-content\/blogs.dir\/6\/files\/sites\/56\/2020\/02\/ccoo-la-fuerza-colectiva-296x300.jpg 296w, https:\/\/ccoo.app\/airbus\/wp-content\/blogs.dir\/6\/files\/sites\/56\/2020\/02\/ccoo-la-fuerza-colectiva-768x778.jpg 768w, https:\/\/ccoo.app\/airbus\/wp-content\/blogs.dir\/6\/files\/sites\/56\/2020\/02\/ccoo-la-fuerza-colectiva.jpg 1080w\" sizes=\"auto, (max-width: 200px) 100vw, 200px\" \/><\/figure>\n","protected":false},"excerpt":{"rendered":"<p>El pasado d\u00eda 13 de julio, los sindicatos firmantes del VI Convenio Colectivo Interempresas, CCOO y UGT-AIRE, mantuvimos con la Direcci\u00f3n la primera reuni\u00f3n de la comisi\u00f3n llamada Visi\u00f3n 2030, &#8230; <a title=\"VISI\u00d3N 2030 &#8211; AOSL\" class=\"read-more\" href=\"https:\/\/ccoo.app\/airbus\/vision-2030-aosl\/\" aria-label=\"Leer m\u00e1s sobre VISI\u00d3N 2030 &#8211; AOSL\">Leer m\u00e1s<\/a><\/p>\n","protected":false},"author":33,"featured_media":3879,"comment_status":"closed","ping_status":"closed","sticky":false,"template":"","format":"standard","meta":{"footnotes":""},"categories":[22,1,29,40,47,50,60,66,73],"tags":[],"class_list":["post-4815","post","type-post","status-publish","format-standard","has-post-thumbnail","hentry","category-barajas-push","category-blog","category-cbc-push","category-getafe-push","category-illescas-push","category-interempresas-comunicados","category-puertoreal-push","category-sanpablo-push","category-tablada-push","generate-columns","tablet-grid-50","mobile-grid-100","grid-parent","grid-33"],"_links":{"self":[{"href":"https:\/\/ccoo.app\/airbus\/wp-json\/wp\/v2\/posts\/4815","targetHints":{"allow":["GET"]}}],"collection":[{"href":"https:\/\/ccoo.app\/airbus\/wp-json\/wp\/v2\/posts"}],"about":[{"href":"https:\/\/ccoo.app\/airbus\/wp-json\/wp\/v2\/types\/post"}],"author":[{"embeddable":true,"href":"https:\/\/ccoo.app\/airbus\/wp-json\/wp\/v2\/users\/33"}],"replies":[{"embeddable":true,"href":"https:\/\/ccoo.app\/airbus\/wp-json\/wp\/v2\/comments?post=4815"}],"version-history":[{"count":3,"href":"https:\/\/ccoo.app\/airbus\/wp-json\/wp\/v2\/posts\/4815\/revisions"}],"predecessor-version":[{"id":4820,"href":"https:\/\/ccoo.app\/airbus\/wp-json\/wp\/v2\/posts\/4815\/revisions\/4820"}],"wp:featuredmedia":[{"embeddable":true,"href":"https:\/\/ccoo.app\/airbus\/wp-json\/wp\/v2\/media\/3879"}],"wp:attachment":[{"href":"https:\/\/ccoo.app\/airbus\/wp-json\/wp\/v2\/media?parent=4815"}],"wp:term":[{"taxonomy":"category","embeddable":true,"href":"https:\/\/ccoo.app\/airbus\/wp-json\/wp\/v2\/categories?post=4815"},{"taxonomy":"post_tag","embeddable":true,"href":"https:\/\/ccoo.app\/airbus\/wp-json\/wp\/v2\/tags?post=4815"}],"curies":[{"name":"wp","href":"https:\/\/api.w.org\/{rel}","templated":true}]}}