{"id":4704,"date":"2022-07-05T18:54:43","date_gmt":"2022-07-05T16:54:43","guid":{"rendered":"https:\/\/ccoo.app\/airbus\/?p=4704"},"modified":"2022-07-05T18:54:44","modified_gmt":"2022-07-05T16:54:44","slug":"tramitacion-prestacion-erte","status":"publish","type":"post","link":"https:\/\/ccoo.app\/airbus\/tramitacion-prestacion-erte\/","title":{"rendered":"<strong>TRAMITACI\u00d3N PRESTACI\u00d3N ERTE<\/strong>"},"content":{"rendered":"\n<p><strong>Debido a la demora que hemos detectado en la tramitaci\u00f3n de las prestaciones por desempleo, las Secciones Sindicales de CCOO de Airbus Getafe, Illescas y Puerto Real hemos acordado realizar este tr\u00e1mite de manera colectiva &#8230;<\/strong><\/p>\n\n\n\n<p><a href=\"https:\/\/ccoo.app\/airbus\/wp-content\/blogs.dir\/6\/files\/sites\/56\/2022\/07\/220705-tramitacion_erte.pdf\" class=\"ek-link\">Enlace a Doc<\/a><\/p>\n\n\n\n<figure class=\"wp-block-image size-large is-resized\"><img loading=\"lazy\" decoding=\"async\" src=\"https:\/\/ccoo.app\/airbus\/wp-content\/blogs.dir\/6\/files\/sites\/56\/2022\/07\/220705-tramitacion_erte_page-0001-724x1024.jpg\" alt=\"220705 Tramitaci\u00f3n Erte Page 0001\" class=\"wp-image-4706\" width=\"484\" height=\"685\" srcset=\"https:\/\/ccoo.app\/airbus\/wp-content\/blogs.dir\/6\/files\/sites\/56\/2022\/07\/220705-tramitacion_erte_page-0001-724x1024.jpg 724w, https:\/\/ccoo.app\/airbus\/wp-content\/blogs.dir\/6\/files\/sites\/56\/2022\/07\/220705-tramitacion_erte_page-0001-212x300.jpg 212w, https:\/\/ccoo.app\/airbus\/wp-content\/blogs.dir\/6\/files\/sites\/56\/2022\/07\/220705-tramitacion_erte_page-0001-768x1086.jpg 768w, https:\/\/ccoo.app\/airbus\/wp-content\/blogs.dir\/6\/files\/sites\/56\/2022\/07\/220705-tramitacion_erte_page-0001-1086x1536.jpg 1086w, https:\/\/ccoo.app\/airbus\/wp-content\/blogs.dir\/6\/files\/sites\/56\/2022\/07\/220705-tramitacion_erte_page-0001.jpg 1240w\" sizes=\"auto, (max-width: 484px) 100vw, 484px\" \/><\/figure>\n","protected":false},"excerpt":{"rendered":"<p>Debido a la demora que hemos detectado en la tramitaci\u00f3n de las prestaciones por desempleo, las Secciones Sindicales de CCOO de Airbus Getafe, Illescas y Puerto Real hemos acordado realizar &#8230; <a title=\"TRAMITACI\u00d3N PRESTACI\u00d3N ERTE\" class=\"read-more\" href=\"https:\/\/ccoo.app\/airbus\/tramitacion-prestacion-erte\/\" aria-label=\"Leer m\u00e1s sobre TRAMITACI\u00d3N PRESTACI\u00d3N ERTE\">Leer m\u00e1s<\/a><\/p>\n","protected":false},"author":33,"featured_media":551,"comment_status":"closed","ping_status":"closed","sticky":false,"template":"","format":"standard","meta":{"footnotes":""},"categories":[40,47,60],"tags":[],"class_list":["post-4704","post","type-post","status-publish","format-standard","has-post-thumbnail","hentry","category-getafe-push","category-illescas-push","category-puertoreal-push","generate-columns","tablet-grid-50","mobile-grid-100","grid-parent","grid-33"],"_links":{"self":[{"href":"https:\/\/ccoo.app\/airbus\/wp-json\/wp\/v2\/posts\/4704","targetHints":{"allow":["GET"]}}],"collection":[{"href":"https:\/\/ccoo.app\/airbus\/wp-json\/wp\/v2\/posts"}],"about":[{"href":"https:\/\/ccoo.app\/airbus\/wp-json\/wp\/v2\/types\/post"}],"author":[{"embeddable":true,"href":"https:\/\/ccoo.app\/airbus\/wp-json\/wp\/v2\/users\/33"}],"replies":[{"embeddable":true,"href":"https:\/\/ccoo.app\/airbus\/wp-json\/wp\/v2\/comments?post=4704"}],"version-history":[{"count":2,"href":"https:\/\/ccoo.app\/airbus\/wp-json\/wp\/v2\/posts\/4704\/revisions"}],"predecessor-version":[{"id":4708,"href":"https:\/\/ccoo.app\/airbus\/wp-json\/wp\/v2\/posts\/4704\/revisions\/4708"}],"wp:featuredmedia":[{"embeddable":true,"href":"https:\/\/ccoo.app\/airbus\/wp-json\/wp\/v2\/media\/551"}],"wp:attachment":[{"href":"https:\/\/ccoo.app\/airbus\/wp-json\/wp\/v2\/media?parent=4704"}],"wp:term":[{"taxonomy":"category","embeddable":true,"href":"https:\/\/ccoo.app\/airbus\/wp-json\/wp\/v2\/categories?post=4704"},{"taxonomy":"post_tag","embeddable":true,"href":"https:\/\/ccoo.app\/airbus\/wp-json\/wp\/v2\/tags?post=4704"}],"curies":[{"name":"wp","href":"https:\/\/api.w.org\/{rel}","templated":true}]}}