{"id":4668,"date":"2022-06-22T12:02:35","date_gmt":"2022-06-22T10:02:35","guid":{"rendered":"https:\/\/ccoo.app\/airbus\/?p=4668"},"modified":"2022-06-22T12:17:30","modified_gmt":"2022-06-22T10:17:30","slug":"miles-de-personas-recorren-madrid-para-exigir-un-pacto-por-la-industria-el-pais-no-puede-esperar","status":"publish","type":"post","link":"https:\/\/ccoo.app\/airbus\/miles-de-personas-recorren-madrid-para-exigir-un-pacto-por-la-industria-el-pais-no-puede-esperar\/","title":{"rendered":"Miles de personas recorren Madrid para exigir un pacto por la Industria: \u00abEl pa\u00eds no puede esperar\u00bb"},"content":{"rendered":"\n<p><strong>Secci\u00f3n Sindical de CCOO Airbus Interempresas. \u00abNo pod\u00edamos faltar a esta cita.\u00bb<\/strong><\/p>\n\n\n\n<figure class=\"wp-block-image size-large\"><img loading=\"lazy\" decoding=\"async\" width=\"1024\" height=\"512\" src=\"https:\/\/ccoo.app\/airbus\/wp-content\/blogs.dir\/6\/files\/sites\/56\/2022\/06\/389cc6b44711b0c152db149deedf4447000045-1024x512.jpg\" alt=\"389cc6b44711b0c152db149deedf4447000045\" class=\"wp-image-4671\" srcset=\"https:\/\/ccoo.app\/airbus\/wp-content\/blogs.dir\/6\/files\/sites\/56\/2022\/06\/389cc6b44711b0c152db149deedf4447000045-1024x512.jpg 1024w, https:\/\/ccoo.app\/airbus\/wp-content\/blogs.dir\/6\/files\/sites\/56\/2022\/06\/389cc6b44711b0c152db149deedf4447000045-300x150.jpg 300w, https:\/\/ccoo.app\/airbus\/wp-content\/blogs.dir\/6\/files\/sites\/56\/2022\/06\/389cc6b44711b0c152db149deedf4447000045-768x384.jpg 768w, https:\/\/ccoo.app\/airbus\/wp-content\/blogs.dir\/6\/files\/sites\/56\/2022\/06\/389cc6b44711b0c152db149deedf4447000045.jpg 1200w\" sizes=\"auto, (max-width: 1024px) 100vw, 1024px\" \/><\/figure>\n\n\n\n<p>En la manifestaci\u00f3n que ha comenzado en Atocha, el secretario general, Unai Sordo, ha querido destacar la necesidad de que se desarrolle un potente sector industrial porque \u201ces fundamental para crear empleo, empleo de calidad, y para equilibrar la econom\u00eda de un pa\u00eds\u201d porque \u201cun pa\u00eds sin sector industrial es un pa\u00eds condenado a endeudarse exteriormente y a pasar por crisis recurrentes\u201d.<\/p>\n\n\n\n<p><strong>Unai Sordo<\/strong>\u00a0se ha dirigido al Gobierno para que lidere \u201cun gran pacto de estado por la industria\u201d y le ha pedido que aproveche los fondos de recuperaci\u00f3n europeos para condicionar las decisiones estrat\u00e9gicas de inversi\u00f3n de las empresas, \u00abpara recuperar el sector industrial que Espa\u00f1a perdi\u00f3 en las \u00faltimas d\u00e9cadas y para recuperar autonom\u00eda en la producci\u00f3n industrial\u00bb. \u201cLos trabajadores, las trabajadoras y las organizaciones sindicales sabemos que el marco del di\u00e1logo social debe jugar un papel determinante en este pacto industrial\u201d.<\/p>\n\n\n\n<p>\u00abPedimos una ley industrial y un gran pacto por la industria que tiene que contar con los agentes sociales y con el conjunto de las instituciones. Esta no es una medida temporal, para un a\u00f1o o dos, hablamos de una medida estrat\u00e9gica de pa\u00eds y los sindicatos queremos jugar un papel determinante a la hora de concertar esas pol\u00edticas industriales\u00bb, ha se\u00f1alado.<\/p>\n\n\n\n<p>Adem\u00e1s, Unai Sordo cree que \u00abla participaci\u00f3n de los sindicatos en los PERTE debe ser manifiestamente mejorable y ha exigido al Gobierno mejorar los cauces de participaci\u00f3n en su desarrollo y una nueva pol\u00edtica industrial que afronte los desaf\u00edos presentes y futuros con la mirada puesta en la reducci\u00f3n definitiva de la tasa de paro en Espa\u00f1a\u00bb<\/p>\n\n\n\n<p>El secretario general de CCOO ha destacado que las m\u00e1s de 10.000 personas que han llegado desde todos los puntos del pa\u00eds y que est\u00e1n participando en esta manifestaci\u00f3n son \u201cuna se\u00f1al de que este pacto por el desarrollo de un potente sector industrial es una prioridad estrat\u00e9gica para Espa\u00f1a\u201d.<\/p>\n\n\n\n<figure class=\"wp-block-image size-large\"><img loading=\"lazy\" decoding=\"async\" width=\"1024\" height=\"512\" src=\"https:\/\/ccoo.app\/airbus\/wp-content\/blogs.dir\/6\/files\/sites\/56\/2022\/06\/916c744f430bdfdcea56e592210e7f44000045-1024x512.jpg\" alt=\"916c744f430bdfdcea56e592210e7f44000045\" class=\"wp-image-4670\" srcset=\"https:\/\/ccoo.app\/airbus\/wp-content\/blogs.dir\/6\/files\/sites\/56\/2022\/06\/916c744f430bdfdcea56e592210e7f44000045-1024x512.jpg 1024w, https:\/\/ccoo.app\/airbus\/wp-content\/blogs.dir\/6\/files\/sites\/56\/2022\/06\/916c744f430bdfdcea56e592210e7f44000045-300x150.jpg 300w, https:\/\/ccoo.app\/airbus\/wp-content\/blogs.dir\/6\/files\/sites\/56\/2022\/06\/916c744f430bdfdcea56e592210e7f44000045-768x384.jpg 768w, https:\/\/ccoo.app\/airbus\/wp-content\/blogs.dir\/6\/files\/sites\/56\/2022\/06\/916c744f430bdfdcea56e592210e7f44000045.jpg 1200w\" sizes=\"auto, (max-width: 1024px) 100vw, 1024px\" \/><\/figure>\n\n\n\n<p>Por su parte, la secretaria general de CCOO de Industria,&nbsp;<strong>Garbi\u00f1e Espejo<\/strong>, ha declarado que desde el pasado 16 de mayo hasta el 9 de junio han socializado con los trabajadores y trabajadoras de la industria para elaborar los contenidos m\u00ednimos del pacto. \u201cHoy hemos llegado a la pr\u00f3xima estaci\u00f3n, Madrid-Atocha, para exigir al Gobierno la necesidad de un pacto de estado por la industria, reindustrializar la econom\u00eda de nuestro pa\u00eds, poner la econom\u00eda al servicio de la ciudadan\u00eda, refortalecer los servicios p\u00fablicos y trabajar de manera compartida ese nuevo modelo social, ese nuevo contrato social que est\u00e1 en disputa\u201d.<\/p>\n\n\n\n<p>Garbi\u00f1e Espejo, ha declarado que es urgente firmar cuanto antes las bases del pacto de Estado por la industria y ha exigido que se recojan las propuestas sindicales porque son \u00abimprescindibles\u00bb. Estas propuestas se centran en torno a tres ejes fundamentales: un compromiso interministerial para el desarrollo del pacto, garant\u00edas de espacio de concertaci\u00f3n para su planificaci\u00f3n y seguimiento y la cogobernanza del pacto y de la futura ley de industria.<\/p>\n\n\n\n<p>Este pacto de Estado debe contar con el mayor consenso posible del Parlamento porque as\u00ed \u201cgobierne quien gobierne, la industria podr\u00e1 defenderse e impulsarse en el futuro\u201d.\u00bbLa industria del futuro debe asegurarse con pol\u00edticas estrat\u00e9gicas, debe planificarse con hechos y no con palabras. Queremos industria con derechos, con participaci\u00f3n sindical, que contemple el mapa de riesgos que tendremos, fruto de la transici\u00f3n energ\u00e9tica y ecol\u00f3gica, y de los PERTE\u00bb, ha concluido.<\/p>\n\n\n\n<figure class=\"wp-block-image size-large\"><img loading=\"lazy\" decoding=\"async\" width=\"1024\" height=\"512\" src=\"https:\/\/ccoo.app\/airbus\/wp-content\/blogs.dir\/6\/files\/sites\/56\/2022\/06\/c829e9c760e884baac0e1c4fc9de8972000045-1024x512.jpg\" alt=\"C829e9c760e884baac0e1c4fc9de8972000045\" class=\"wp-image-4669\" srcset=\"https:\/\/ccoo.app\/airbus\/wp-content\/blogs.dir\/6\/files\/sites\/56\/2022\/06\/c829e9c760e884baac0e1c4fc9de8972000045-1024x512.jpg 1024w, https:\/\/ccoo.app\/airbus\/wp-content\/blogs.dir\/6\/files\/sites\/56\/2022\/06\/c829e9c760e884baac0e1c4fc9de8972000045-300x150.jpg 300w, https:\/\/ccoo.app\/airbus\/wp-content\/blogs.dir\/6\/files\/sites\/56\/2022\/06\/c829e9c760e884baac0e1c4fc9de8972000045-768x384.jpg 768w, https:\/\/ccoo.app\/airbus\/wp-content\/blogs.dir\/6\/files\/sites\/56\/2022\/06\/c829e9c760e884baac0e1c4fc9de8972000045.jpg 1200w\" sizes=\"auto, (max-width: 1024px) 100vw, 1024px\" \/><\/figure>\n","protected":false},"excerpt":{"rendered":"<p>Secci\u00f3n Sindical de CCOO Airbus Interempresas. \u00abNo pod\u00edamos faltar a esta cita.\u00bb En la manifestaci\u00f3n que ha comenzado en Atocha, el secretario general, Unai Sordo, ha querido destacar la necesidad &#8230; <a title=\"Miles de personas recorren Madrid para exigir un pacto por la Industria: \u00abEl pa\u00eds no puede esperar\u00bb\" class=\"read-more\" href=\"https:\/\/ccoo.app\/airbus\/miles-de-personas-recorren-madrid-para-exigir-un-pacto-por-la-industria-el-pais-no-puede-esperar\/\" aria-label=\"Leer m\u00e1s sobre Miles de personas recorren Madrid para exigir un pacto por la Industria: \u00abEl pa\u00eds no puede esperar\u00bb\">Leer m\u00e1s<\/a><\/p>\n","protected":false},"author":33,"featured_media":4671,"comment_status":"closed","ping_status":"closed","sticky":false,"template":"","format":"standard","meta":{"footnotes":""},"categories":[15,22,29,40,47,50,60,66,73],"tags":[],"class_list":["post-4668","post","type-post","status-publish","format-standard","has-post-thumbnail","hentry","category-albacete-push","category-barajas-push","category-cbc-push","category-getafe-push","category-illescas-push","category-interempresas-comunicados","category-puertoreal-push","category-sanpablo-push","category-tablada-push","generate-columns","tablet-grid-50","mobile-grid-100","grid-parent","grid-33"],"_links":{"self":[{"href":"https:\/\/ccoo.app\/airbus\/wp-json\/wp\/v2\/posts\/4668","targetHints":{"allow":["GET"]}}],"collection":[{"href":"https:\/\/ccoo.app\/airbus\/wp-json\/wp\/v2\/posts"}],"about":[{"href":"https:\/\/ccoo.app\/airbus\/wp-json\/wp\/v2\/types\/post"}],"author":[{"embeddable":true,"href":"https:\/\/ccoo.app\/airbus\/wp-json\/wp\/v2\/users\/33"}],"replies":[{"embeddable":true,"href":"https:\/\/ccoo.app\/airbus\/wp-json\/wp\/v2\/comments?post=4668"}],"version-history":[{"count":5,"href":"https:\/\/ccoo.app\/airbus\/wp-json\/wp\/v2\/posts\/4668\/revisions"}],"predecessor-version":[{"id":4682,"href":"https:\/\/ccoo.app\/airbus\/wp-json\/wp\/v2\/posts\/4668\/revisions\/4682"}],"wp:featuredmedia":[{"embeddable":true,"href":"https:\/\/ccoo.app\/airbus\/wp-json\/wp\/v2\/media\/4671"}],"wp:attachment":[{"href":"https:\/\/ccoo.app\/airbus\/wp-json\/wp\/v2\/media?parent=4668"}],"wp:term":[{"taxonomy":"category","embeddable":true,"href":"https:\/\/ccoo.app\/airbus\/wp-json\/wp\/v2\/categories?post=4668"},{"taxonomy":"post_tag","embeddable":true,"href":"https:\/\/ccoo.app\/airbus\/wp-json\/wp\/v2\/tags?post=4668"}],"curies":[{"name":"wp","href":"https:\/\/api.w.org\/{rel}","templated":true}]}}