{"id":4651,"date":"2022-06-20T08:50:51","date_gmt":"2022-06-20T06:50:51","guid":{"rendered":"https:\/\/ccoo.app\/airbus\/?p=4651"},"modified":"2022-06-20T08:50:52","modified_gmt":"2022-06-20T06:50:52","slug":"reflexiones-y-conclusiones-tras-la-ejecutiva-y-el-consejo","status":"publish","type":"post","link":"https:\/\/ccoo.app\/airbus\/reflexiones-y-conclusiones-tras-la-ejecutiva-y-el-consejo\/","title":{"rendered":"<strong>REFLEXIONES Y CONCLUSIONES TRAS LA EJECUTIVA Y EL CONSEJO&nbsp;<\/strong>"},"content":{"rendered":"\n<p><strong>DE LA SECCI\u00d3N SINDICAL INTEREMPRESAS DE CCOO<\/strong><\/p>\n\n\n\n<p><a href=\"https:\/\/ccoo.app\/airbus\/wp-content\/blogs.dir\/6\/files\/sites\/56\/2022\/06\/220615-reflexiones-tras-la-reunion-de-la-ejecutiva-y-el-consejo-interempresas-ccoo_1-scaled.jpg\" class=\"ek-link\">Enlace a Doc<\/a><\/p>\n\n\n\n<blockquote class=\"wp-block-quote is-layout-flow wp-block-quote-is-layout-flow\"><p><strong><\/strong><\/p><p><strong>Desde que se firm\u00f3 el VI CONVENIO COLECTIVO INTEREMPRESAS y sus ANEXOS, constatamos la aplicaci\u00f3n satisfactoria de los mismos, se\u00f1alando como principales hitos cumplidos:<\/strong><\/p><\/blockquote>\n\n\n\n<ul class=\"wp-block-list\"><li><strong>\u00a0VI PLAN DE EMPLEO<\/strong><\/li><li><strong>\u00a0REGULACI\u00d3N DEL TELETRABAJO Y DESCONEXI\u00d3N DIGITAL y\u00a0<\/strong><\/li><li><strong>\u00a0REVISI\u00d3N SALARIAL.<\/strong><\/li><\/ul>\n\n\n\n<figure class=\"wp-block-image size-large is-resized\"><a href=\"https:\/\/ccoo.app\/airbus\/wp-content\/blogs.dir\/6\/files\/sites\/56\/2022\/06\/220615-reflexiones-tras-la-reunion-de-la-ejecutiva-y-el-consejo-interempresas-ccoo_1-scaled.jpg\"><img loading=\"lazy\" decoding=\"async\" src=\"https:\/\/ccoo.app\/airbus\/wp-content\/blogs.dir\/6\/files\/sites\/56\/2022\/06\/220615-reflexiones-tras-la-reunion-de-la-ejecutiva-y-el-consejo-interempresas-ccoo_1-724x1024.jpg\" alt=\"220615 Reflexiones Tras La Reuni\u00f3n De La Ejecutiva Y El Consejo Interempresas Ccoo 1\" class=\"wp-image-4649\" width=\"311\" height=\"440\" srcset=\"https:\/\/ccoo.app\/airbus\/wp-content\/blogs.dir\/6\/files\/sites\/56\/2022\/06\/220615-reflexiones-tras-la-reunion-de-la-ejecutiva-y-el-consejo-interempresas-ccoo_1-724x1024.jpg 724w, https:\/\/ccoo.app\/airbus\/wp-content\/blogs.dir\/6\/files\/sites\/56\/2022\/06\/220615-reflexiones-tras-la-reunion-de-la-ejecutiva-y-el-consejo-interempresas-ccoo_1-212x300.jpg 212w, https:\/\/ccoo.app\/airbus\/wp-content\/blogs.dir\/6\/files\/sites\/56\/2022\/06\/220615-reflexiones-tras-la-reunion-de-la-ejecutiva-y-el-consejo-interempresas-ccoo_1-768x1086.jpg 768w, https:\/\/ccoo.app\/airbus\/wp-content\/blogs.dir\/6\/files\/sites\/56\/2022\/06\/220615-reflexiones-tras-la-reunion-de-la-ejecutiva-y-el-consejo-interempresas-ccoo_1-1086x1536.jpg 1086w, https:\/\/ccoo.app\/airbus\/wp-content\/blogs.dir\/6\/files\/sites\/56\/2022\/06\/220615-reflexiones-tras-la-reunion-de-la-ejecutiva-y-el-consejo-interempresas-ccoo_1-1448x2048.jpg 1448w, https:\/\/ccoo.app\/airbus\/wp-content\/blogs.dir\/6\/files\/sites\/56\/2022\/06\/220615-reflexiones-tras-la-reunion-de-la-ejecutiva-y-el-consejo-interempresas-ccoo_1-scaled.jpg 1811w\" sizes=\"auto, (max-width: 311px) 100vw, 311px\" \/><\/a><\/figure>\n","protected":false},"excerpt":{"rendered":"<p>DE LA SECCI\u00d3N SINDICAL INTEREMPRESAS DE CCOO Enlace a Doc Desde que se firm\u00f3 el VI CONVENIO COLECTIVO INTEREMPRESAS y sus ANEXOS, constatamos la aplicaci\u00f3n satisfactoria de los mismos, se\u00f1alando &#8230; <a title=\"REFLEXIONES Y CONCLUSIONES TRAS LA EJECUTIVA Y EL CONSEJO&nbsp;\" class=\"read-more\" href=\"https:\/\/ccoo.app\/airbus\/reflexiones-y-conclusiones-tras-la-ejecutiva-y-el-consejo\/\" aria-label=\"Leer m\u00e1s sobre REFLEXIONES Y CONCLUSIONES TRAS LA EJECUTIVA Y EL CONSEJO&nbsp;\">Leer m\u00e1s<\/a><\/p>\n","protected":false},"author":33,"featured_media":551,"comment_status":"closed","ping_status":"closed","sticky":false,"template":"","format":"standard","meta":{"footnotes":""},"categories":[15,22,29,40,47,60,66,73],"tags":[],"class_list":["post-4651","post","type-post","status-publish","format-standard","has-post-thumbnail","hentry","category-albacete-push","category-barajas-push","category-cbc-push","category-getafe-push","category-illescas-push","category-puertoreal-push","category-sanpablo-push","category-tablada-push","generate-columns","tablet-grid-50","mobile-grid-100","grid-parent","grid-33"],"_links":{"self":[{"href":"https:\/\/ccoo.app\/airbus\/wp-json\/wp\/v2\/posts\/4651","targetHints":{"allow":["GET"]}}],"collection":[{"href":"https:\/\/ccoo.app\/airbus\/wp-json\/wp\/v2\/posts"}],"about":[{"href":"https:\/\/ccoo.app\/airbus\/wp-json\/wp\/v2\/types\/post"}],"author":[{"embeddable":true,"href":"https:\/\/ccoo.app\/airbus\/wp-json\/wp\/v2\/users\/33"}],"replies":[{"embeddable":true,"href":"https:\/\/ccoo.app\/airbus\/wp-json\/wp\/v2\/comments?post=4651"}],"version-history":[{"count":2,"href":"https:\/\/ccoo.app\/airbus\/wp-json\/wp\/v2\/posts\/4651\/revisions"}],"predecessor-version":[{"id":4653,"href":"https:\/\/ccoo.app\/airbus\/wp-json\/wp\/v2\/posts\/4651\/revisions\/4653"}],"wp:featuredmedia":[{"embeddable":true,"href":"https:\/\/ccoo.app\/airbus\/wp-json\/wp\/v2\/media\/551"}],"wp:attachment":[{"href":"https:\/\/ccoo.app\/airbus\/wp-json\/wp\/v2\/media?parent=4651"}],"wp:term":[{"taxonomy":"category","embeddable":true,"href":"https:\/\/ccoo.app\/airbus\/wp-json\/wp\/v2\/categories?post=4651"},{"taxonomy":"post_tag","embeddable":true,"href":"https:\/\/ccoo.app\/airbus\/wp-json\/wp\/v2\/tags?post=4651"}],"curies":[{"name":"wp","href":"https:\/\/api.w.org\/{rel}","templated":true}]}}