{"id":4642,"date":"2022-06-14T13:09:19","date_gmt":"2022-06-14T11:09:19","guid":{"rendered":"https:\/\/ccoo.app\/airbus\/?p=4642"},"modified":"2022-06-14T13:09:20","modified_gmt":"2022-06-14T11:09:20","slug":"valoracion-por-parte-de-ccoo-y-ugt-aire-sobre-la-constitucion-de-la-comision-de-vigilancia-del-vi-convenio-interempresas","status":"publish","type":"post","link":"https:\/\/ccoo.app\/airbus\/valoracion-por-parte-de-ccoo-y-ugt-aire-sobre-la-constitucion-de-la-comision-de-vigilancia-del-vi-convenio-interempresas\/","title":{"rendered":"<strong>VALORACI\u00d3N POR PARTE DE CCOO Y UGT-AIRE SOBRE LA CONSTITUCI\u00d3N DE LA COMISI\u00d3N DE VIGILANCIA DEL VI C<\/strong><strong>ONVENIO INTEREMPRESAS<\/strong>"},"content":{"rendered":"\n<p><a href=\"https:\/\/ccoo.app\/airbus\/wp-content\/blogs.dir\/6\/files\/sites\/56\/2022\/06\/220614-valoracion-constitucion-comision-vigilancia-vi-cc-por-ccoo-y-ugt-aire-.pdf\" class=\"ek-link\">Enlace a Doc<\/a><\/p>\n\n\n\n<figure class=\"wp-block-image size-large is-resized\"><img loading=\"lazy\" decoding=\"async\" src=\"https:\/\/ccoo.app\/airbus\/wp-content\/blogs.dir\/6\/files\/sites\/56\/2020\/02\/ccoo-la-fuerza-colectiva-1011x1024.jpg\" alt=\"Ccoo La Fuerza Colectiva\" class=\"wp-image-689\" width=\"321\" height=\"325\" srcset=\"https:\/\/ccoo.app\/airbus\/wp-content\/blogs.dir\/6\/files\/sites\/56\/2020\/02\/ccoo-la-fuerza-colectiva-1011x1024.jpg 1011w, https:\/\/ccoo.app\/airbus\/wp-content\/blogs.dir\/6\/files\/sites\/56\/2020\/02\/ccoo-la-fuerza-colectiva-296x300.jpg 296w, https:\/\/ccoo.app\/airbus\/wp-content\/blogs.dir\/6\/files\/sites\/56\/2020\/02\/ccoo-la-fuerza-colectiva-768x778.jpg 768w, https:\/\/ccoo.app\/airbus\/wp-content\/blogs.dir\/6\/files\/sites\/56\/2020\/02\/ccoo-la-fuerza-colectiva.jpg 1080w\" sizes=\"auto, (max-width: 321px) 100vw, 321px\" \/><\/figure>\n","protected":false},"excerpt":{"rendered":"<p>Enlace a Doc<\/p>\n","protected":false},"author":33,"featured_media":1306,"comment_status":"closed","ping_status":"closed","sticky":false,"template":"","format":"standard","meta":{"footnotes":""},"categories":[15,22,29,40,47,50,66,73],"tags":[],"class_list":["post-4642","post","type-post","status-publish","format-standard","has-post-thumbnail","hentry","category-albacete-push","category-barajas-push","category-cbc-push","category-getafe-push","category-illescas-push","category-interempresas-comunicados","category-sanpablo-push","category-tablada-push","generate-columns","tablet-grid-50","mobile-grid-100","grid-parent","grid-33"],"_links":{"self":[{"href":"https:\/\/ccoo.app\/airbus\/wp-json\/wp\/v2\/posts\/4642","targetHints":{"allow":["GET"]}}],"collection":[{"href":"https:\/\/ccoo.app\/airbus\/wp-json\/wp\/v2\/posts"}],"about":[{"href":"https:\/\/ccoo.app\/airbus\/wp-json\/wp\/v2\/types\/post"}],"author":[{"embeddable":true,"href":"https:\/\/ccoo.app\/airbus\/wp-json\/wp\/v2\/users\/33"}],"replies":[{"embeddable":true,"href":"https:\/\/ccoo.app\/airbus\/wp-json\/wp\/v2\/comments?post=4642"}],"version-history":[{"count":2,"href":"https:\/\/ccoo.app\/airbus\/wp-json\/wp\/v2\/posts\/4642\/revisions"}],"predecessor-version":[{"id":4645,"href":"https:\/\/ccoo.app\/airbus\/wp-json\/wp\/v2\/posts\/4642\/revisions\/4645"}],"wp:featuredmedia":[{"embeddable":true,"href":"https:\/\/ccoo.app\/airbus\/wp-json\/wp\/v2\/media\/1306"}],"wp:attachment":[{"href":"https:\/\/ccoo.app\/airbus\/wp-json\/wp\/v2\/media?parent=4642"}],"wp:term":[{"taxonomy":"category","embeddable":true,"href":"https:\/\/ccoo.app\/airbus\/wp-json\/wp\/v2\/categories?post=4642"},{"taxonomy":"post_tag","embeddable":true,"href":"https:\/\/ccoo.app\/airbus\/wp-json\/wp\/v2\/tags?post=4642"}],"curies":[{"name":"wp","href":"https:\/\/api.w.org\/{rel}","templated":true}]}}