{"id":4627,"date":"2022-06-13T11:08:03","date_gmt":"2022-06-13T09:08:03","guid":{"rendered":"https:\/\/ccoo.app\/airbus\/?p=4627"},"modified":"2022-06-13T11:17:19","modified_gmt":"2022-06-13T09:17:19","slug":"comite-interempresas-4","status":"publish","type":"post","link":"https:\/\/ccoo.app\/airbus\/comite-interempresas-4\/","title":{"rendered":"COMIT\u00c9 INTEREMPRESAS"},"content":{"rendered":"\n<p><strong>Desde el Comit\u00e9 Interempresas adjuntamos los acuerdos alcanzados el pasado d\u00eda 10 de junio con respecto a la regulaci\u00f3n del teletrabajo y desconexi\u00f3n digital, como consecuencia del desarrollo de la disposici\u00f3n transitoria 2\u00aa del VI Convenio Colectivo Interempresas.<\/strong><\/p>\n\n\n\n<p><strong>Un saludo<\/strong>.<\/p>\n\n\n\n<p><strong>Francisco San Jos\u00e9 S\u00e1nchez<\/strong>.<\/p>\n\n\n\n<p><strong>Presidente Comit\u00e9\u00a0Interempresas<\/strong>.<\/p>\n\n\n\n<p><\/p>\n\n\n\n<p><a href=\"https:\/\/ccoo.app\/airbus\/wp-content\/blogs.dir\/6\/files\/sites\/56\/2022\/06\/220610-acta-reunion-jp-teletrabajo.pdf\" class=\"ek-link\">ACTA JPG 10 DE JUNIO TELETRABAJO<\/a>.<\/p>\n\n\n\n<p><a href=\"https:\/\/ccoo.app\/airbus\/wp-content\/blogs.dir\/6\/files\/sites\/56\/2022\/06\/politica-trabajo-a-distancia-airbus.pdf\" class=\"ek-link\">POLITICA DE TRABAJO A DISTANCIA AIRBUS.<\/a><\/p>\n\n\n\n<p><a href=\"https:\/\/ccoo.app\/airbus\/wp-content\/blogs.dir\/6\/files\/sites\/56\/2022\/06\/politica-desconexion-digital-airbus.pdf\" class=\"ek-link\">POLITICA DESCONEXION DIGITAL AIRBUS<\/a>.<\/p>\n\n\n\n<figure class=\"wp-block-image size-large is-resized\"><img loading=\"lazy\" decoding=\"async\" src=\"https:\/\/ccoo.app\/airbus\/wp-content\/blogs.dir\/6\/files\/sites\/56\/2020\/02\/ccoo-la-fuerza-colectiva-1011x1024.jpg\" alt=\"Ccoo La Fuerza Colectiva\" class=\"wp-image-689\" width=\"290\" height=\"294\" srcset=\"https:\/\/ccoo.app\/airbus\/wp-content\/blogs.dir\/6\/files\/sites\/56\/2020\/02\/ccoo-la-fuerza-colectiva-1011x1024.jpg 1011w, https:\/\/ccoo.app\/airbus\/wp-content\/blogs.dir\/6\/files\/sites\/56\/2020\/02\/ccoo-la-fuerza-colectiva-296x300.jpg 296w, https:\/\/ccoo.app\/airbus\/wp-content\/blogs.dir\/6\/files\/sites\/56\/2020\/02\/ccoo-la-fuerza-colectiva-768x778.jpg 768w, https:\/\/ccoo.app\/airbus\/wp-content\/blogs.dir\/6\/files\/sites\/56\/2020\/02\/ccoo-la-fuerza-colectiva.jpg 1080w\" sizes=\"auto, (max-width: 290px) 100vw, 290px\" \/><\/figure>\n","protected":false},"excerpt":{"rendered":"<p>Desde el Comit\u00e9 Interempresas adjuntamos los acuerdos alcanzados el pasado d\u00eda 10 de junio con respecto a la regulaci\u00f3n del teletrabajo y desconexi\u00f3n digital, como consecuencia del desarrollo de la &#8230; <a title=\"COMIT\u00c9 INTEREMPRESAS\" class=\"read-more\" href=\"https:\/\/ccoo.app\/airbus\/comite-interempresas-4\/\" aria-label=\"Leer m\u00e1s sobre COMIT\u00c9 INTEREMPRESAS\">Leer m\u00e1s<\/a><\/p>\n","protected":false},"author":33,"featured_media":3879,"comment_status":"closed","ping_status":"closed","sticky":false,"template":"","format":"standard","meta":{"footnotes":""},"categories":[22,29,40,47,50,60,66,73],"tags":[],"class_list":["post-4627","post","type-post","status-publish","format-standard","has-post-thumbnail","hentry","category-barajas-push","category-cbc-push","category-getafe-push","category-illescas-push","category-interempresas-comunicados","category-puertoreal-push","category-sanpablo-push","category-tablada-push","generate-columns","tablet-grid-50","mobile-grid-100","grid-parent","grid-33"],"_links":{"self":[{"href":"https:\/\/ccoo.app\/airbus\/wp-json\/wp\/v2\/posts\/4627","targetHints":{"allow":["GET"]}}],"collection":[{"href":"https:\/\/ccoo.app\/airbus\/wp-json\/wp\/v2\/posts"}],"about":[{"href":"https:\/\/ccoo.app\/airbus\/wp-json\/wp\/v2\/types\/post"}],"author":[{"embeddable":true,"href":"https:\/\/ccoo.app\/airbus\/wp-json\/wp\/v2\/users\/33"}],"replies":[{"embeddable":true,"href":"https:\/\/ccoo.app\/airbus\/wp-json\/wp\/v2\/comments?post=4627"}],"version-history":[{"count":2,"href":"https:\/\/ccoo.app\/airbus\/wp-json\/wp\/v2\/posts\/4627\/revisions"}],"predecessor-version":[{"id":4633,"href":"https:\/\/ccoo.app\/airbus\/wp-json\/wp\/v2\/posts\/4627\/revisions\/4633"}],"wp:featuredmedia":[{"embeddable":true,"href":"https:\/\/ccoo.app\/airbus\/wp-json\/wp\/v2\/media\/3879"}],"wp:attachment":[{"href":"https:\/\/ccoo.app\/airbus\/wp-json\/wp\/v2\/media?parent=4627"}],"wp:term":[{"taxonomy":"category","embeddable":true,"href":"https:\/\/ccoo.app\/airbus\/wp-json\/wp\/v2\/categories?post=4627"},{"taxonomy":"post_tag","embeddable":true,"href":"https:\/\/ccoo.app\/airbus\/wp-json\/wp\/v2\/tags?post=4627"}],"curies":[{"name":"wp","href":"https:\/\/api.w.org\/{rel}","templated":true}]}}