{"id":4431,"date":"2022-03-22T15:53:51","date_gmt":"2022-03-22T14:53:51","guid":{"rendered":"https:\/\/ccoo.app\/airbus\/?p=4431"},"modified":"2022-03-22T15:54:53","modified_gmt":"2022-03-22T14:54:53","slug":"comunicado-conjunto-ccoo-y-ugt-aire","status":"publish","type":"post","link":"https:\/\/ccoo.app\/airbus\/comunicado-conjunto-ccoo-y-ugt-aire\/","title":{"rendered":"COMUNICADO CONJUNTO CCOO Y UGT-AIRE"},"content":{"rendered":"\n<p><strong>Os informamos que ma\u00f1ana d\u00eda\u00a023 de Marzo, al igual que en todo el pa\u00eds, los empleados de todas las plantas de Airbus se concentrar\u00e1n en las puertas de todos los centros de trabajo durante los tiempos de las paradas t\u00e9cnicas regladas, en torno a las\u00a012:00 del turno de ma\u00f1ana, (el horario se adaptar\u00e1 a las regulaciones y horarios estipulados en cada centro).<\/strong><\/p>\n\n\n\n<p><strong>Esta convocatoria atiende a la realizada por las organizaciones CCOO y UGT en todo el \u00e1mbito estatal,&nbsp;para exigir al Gobierno de Espa\u00f1a y a la Uni\u00f3n Europea que act\u00faen para contener la escalada disparatada de los precios, proteger el empleo y frenar el deterioro de nuestras condiciones de vida.<\/strong><\/p>\n","protected":false},"excerpt":{"rendered":"<p>Os informamos que ma\u00f1ana d\u00eda\u00a023 de Marzo, al igual que en todo el pa\u00eds, los empleados de todas las plantas de Airbus se concentrar\u00e1n en las puertas de todos los &#8230; <a title=\"COMUNICADO CONJUNTO CCOO Y UGT-AIRE\" class=\"read-more\" href=\"https:\/\/ccoo.app\/airbus\/comunicado-conjunto-ccoo-y-ugt-aire\/\" aria-label=\"Leer m\u00e1s sobre COMUNICADO CONJUNTO CCOO Y UGT-AIRE\">Leer m\u00e1s<\/a><\/p>\n","protected":false},"author":33,"featured_media":678,"comment_status":"closed","ping_status":"closed","sticky":false,"template":"","format":"standard","meta":{"footnotes":""},"categories":[15,22,1,29,40,47,50,60,66,73],"tags":[],"class_list":["post-4431","post","type-post","status-publish","format-standard","has-post-thumbnail","hentry","category-albacete-push","category-barajas-push","category-blog","category-cbc-push","category-getafe-push","category-illescas-push","category-interempresas-comunicados","category-puertoreal-push","category-sanpablo-push","category-tablada-push","generate-columns","tablet-grid-50","mobile-grid-100","grid-parent","grid-33"],"_links":{"self":[{"href":"https:\/\/ccoo.app\/airbus\/wp-json\/wp\/v2\/posts\/4431","targetHints":{"allow":["GET"]}}],"collection":[{"href":"https:\/\/ccoo.app\/airbus\/wp-json\/wp\/v2\/posts"}],"about":[{"href":"https:\/\/ccoo.app\/airbus\/wp-json\/wp\/v2\/types\/post"}],"author":[{"embeddable":true,"href":"https:\/\/ccoo.app\/airbus\/wp-json\/wp\/v2\/users\/33"}],"replies":[{"embeddable":true,"href":"https:\/\/ccoo.app\/airbus\/wp-json\/wp\/v2\/comments?post=4431"}],"version-history":[{"count":1,"href":"https:\/\/ccoo.app\/airbus\/wp-json\/wp\/v2\/posts\/4431\/revisions"}],"predecessor-version":[{"id":4432,"href":"https:\/\/ccoo.app\/airbus\/wp-json\/wp\/v2\/posts\/4431\/revisions\/4432"}],"wp:featuredmedia":[{"embeddable":true,"href":"https:\/\/ccoo.app\/airbus\/wp-json\/wp\/v2\/media\/678"}],"wp:attachment":[{"href":"https:\/\/ccoo.app\/airbus\/wp-json\/wp\/v2\/media?parent=4431"}],"wp:term":[{"taxonomy":"category","embeddable":true,"href":"https:\/\/ccoo.app\/airbus\/wp-json\/wp\/v2\/categories?post=4431"},{"taxonomy":"post_tag","embeddable":true,"href":"https:\/\/ccoo.app\/airbus\/wp-json\/wp\/v2\/tags?post=4431"}],"curies":[{"name":"wp","href":"https:\/\/api.w.org\/{rel}","templated":true}]}}