{"id":4422,"date":"2022-03-22T07:54:13","date_gmt":"2022-03-22T06:54:13","guid":{"rendered":"https:\/\/ccoo.app\/airbus\/?p=4422"},"modified":"2022-03-22T07:55:54","modified_gmt":"2022-03-22T06:55:54","slug":"llamamos-a-la-movilizacion-de-la-ciudadania-el-proximo-dia23-de-marzo-en-el-conjunto-del-estado-para-exigir-al-gobierno-de-espana-y-a-la-union-europea-que-actuen-para-contener-la-escalada-disparatada","status":"publish","type":"post","link":"https:\/\/ccoo.app\/airbus\/llamamos-a-la-movilizacion-de-la-ciudadania-el-proximo-dia23-de-marzo-en-el-conjunto-del-estado-para-exigir-al-gobierno-de-espana-y-a-la-union-europea-que-actuen-para-contener-la-escalada-disparatada\/","title":{"rendered":"Llamamos a la MOVILIZACI\u00d3N de la ciudadan\u00eda el pr\u00f3ximo d\u00eda23 DE MARZO en el conjunto del Estado, para exigir al Gobierno de Espa\u00f1a y a la Uni\u00f3n Europea que act\u00faen para contener la escalada disparatada de los precios, proteger el empleo y frenar el deterioro de nuestras condiciones de vida."},"content":{"rendered":"\n<p><a href=\"https:\/\/ccoo.app\/airbus\/wp-content\/blogs.dir\/6\/files\/sites\/56\/2022\/03\/220317-manifiesto-movilizacion-23-marzo.pdf\" class=\"ek-link\"><span class=\"has-inline-color has-accent-color\">Manifiesto<\/span><\/a><\/p>\n\n\n\n<figure class=\"wp-block-image size-large is-resized\"><img loading=\"lazy\" decoding=\"async\" src=\"https:\/\/ccoo.app\/airbus\/wp-content\/blogs.dir\/6\/files\/sites\/56\/2022\/03\/img-20220316-wa0012-724x1024.jpg\" alt=\"Img 20220316 Wa0012\" class=\"wp-image-4425\" width=\"295\" height=\"417\" srcset=\"https:\/\/ccoo.app\/airbus\/wp-content\/blogs.dir\/6\/files\/sites\/56\/2022\/03\/img-20220316-wa0012-724x1024.jpg 724w, https:\/\/ccoo.app\/airbus\/wp-content\/blogs.dir\/6\/files\/sites\/56\/2022\/03\/img-20220316-wa0012-212x300.jpg 212w, https:\/\/ccoo.app\/airbus\/wp-content\/blogs.dir\/6\/files\/sites\/56\/2022\/03\/img-20220316-wa0012-768x1087.jpg 768w, https:\/\/ccoo.app\/airbus\/wp-content\/blogs.dir\/6\/files\/sites\/56\/2022\/03\/img-20220316-wa0012.jpg 800w\" sizes=\"auto, (max-width: 295px) 100vw, 295px\" \/><\/figure>\n\n\n\n<figure class=\"wp-block-image size-large is-resized\"><img loading=\"lazy\" decoding=\"async\" src=\"https:\/\/ccoo.app\/airbus\/wp-content\/blogs.dir\/6\/files\/sites\/56\/2022\/03\/220317-manifiesto-movilizacion-23-marzo_1-724x1024.jpg\" alt=\"220317 Manifiesto Movilizaci\u00f3n 23 Marzo 1\" class=\"wp-image-4421\" width=\"302\" height=\"427\" srcset=\"https:\/\/ccoo.app\/airbus\/wp-content\/blogs.dir\/6\/files\/sites\/56\/2022\/03\/220317-manifiesto-movilizacion-23-marzo_1-724x1024.jpg 724w, https:\/\/ccoo.app\/airbus\/wp-content\/blogs.dir\/6\/files\/sites\/56\/2022\/03\/220317-manifiesto-movilizacion-23-marzo_1-212x300.jpg 212w, https:\/\/ccoo.app\/airbus\/wp-content\/blogs.dir\/6\/files\/sites\/56\/2022\/03\/220317-manifiesto-movilizacion-23-marzo_1-768x1086.jpg 768w, https:\/\/ccoo.app\/airbus\/wp-content\/blogs.dir\/6\/files\/sites\/56\/2022\/03\/220317-manifiesto-movilizacion-23-marzo_1-1086x1536.jpg 1086w, https:\/\/ccoo.app\/airbus\/wp-content\/blogs.dir\/6\/files\/sites\/56\/2022\/03\/220317-manifiesto-movilizacion-23-marzo_1-1448x2048.jpg 1448w, https:\/\/ccoo.app\/airbus\/wp-content\/blogs.dir\/6\/files\/sites\/56\/2022\/03\/220317-manifiesto-movilizacion-23-marzo_1-scaled.jpg 1811w\" sizes=\"auto, (max-width: 302px) 100vw, 302px\" \/><\/figure>\n\n\n\n<figure class=\"wp-block-image size-large is-resized\"><img loading=\"lazy\" decoding=\"async\" src=\"https:\/\/ccoo.app\/airbus\/wp-content\/blogs.dir\/6\/files\/sites\/56\/2022\/03\/220317-manifiesto-movilizacion-23-marzo_2-724x1024.jpg\" alt=\"220317 Manifiesto Movilizaci\u00f3n 23 Marzo 2\" class=\"wp-image-4423\" width=\"293\" height=\"415\" srcset=\"https:\/\/ccoo.app\/airbus\/wp-content\/blogs.dir\/6\/files\/sites\/56\/2022\/03\/220317-manifiesto-movilizacion-23-marzo_2-724x1024.jpg 724w, https:\/\/ccoo.app\/airbus\/wp-content\/blogs.dir\/6\/files\/sites\/56\/2022\/03\/220317-manifiesto-movilizacion-23-marzo_2-212x300.jpg 212w, https:\/\/ccoo.app\/airbus\/wp-content\/blogs.dir\/6\/files\/sites\/56\/2022\/03\/220317-manifiesto-movilizacion-23-marzo_2-768x1086.jpg 768w, https:\/\/ccoo.app\/airbus\/wp-content\/blogs.dir\/6\/files\/sites\/56\/2022\/03\/220317-manifiesto-movilizacion-23-marzo_2-1086x1536.jpg 1086w, https:\/\/ccoo.app\/airbus\/wp-content\/blogs.dir\/6\/files\/sites\/56\/2022\/03\/220317-manifiesto-movilizacion-23-marzo_2-1448x2048.jpg 1448w, https:\/\/ccoo.app\/airbus\/wp-content\/blogs.dir\/6\/files\/sites\/56\/2022\/03\/220317-manifiesto-movilizacion-23-marzo_2-scaled.jpg 1811w\" sizes=\"auto, (max-width: 293px) 100vw, 293px\" \/><\/figure>\n","protected":false},"excerpt":{"rendered":"<p>Manifiesto<\/p>\n","protected":false},"author":33,"featured_media":4425,"comment_status":"closed","ping_status":"closed","sticky":false,"template":"","format":"standard","meta":{"footnotes":""},"categories":[15,22,1,29,40,47,60,66,73],"tags":[],"class_list":["post-4422","post","type-post","status-publish","format-standard","has-post-thumbnail","hentry","category-albacete-push","category-barajas-push","category-blog","category-cbc-push","category-getafe-push","category-illescas-push","category-puertoreal-push","category-sanpablo-push","category-tablada-push","generate-columns","tablet-grid-50","mobile-grid-100","grid-parent","grid-33"],"_links":{"self":[{"href":"https:\/\/ccoo.app\/airbus\/wp-json\/wp\/v2\/posts\/4422","targetHints":{"allow":["GET"]}}],"collection":[{"href":"https:\/\/ccoo.app\/airbus\/wp-json\/wp\/v2\/posts"}],"about":[{"href":"https:\/\/ccoo.app\/airbus\/wp-json\/wp\/v2\/types\/post"}],"author":[{"embeddable":true,"href":"https:\/\/ccoo.app\/airbus\/wp-json\/wp\/v2\/users\/33"}],"replies":[{"embeddable":true,"href":"https:\/\/ccoo.app\/airbus\/wp-json\/wp\/v2\/comments?post=4422"}],"version-history":[{"count":1,"href":"https:\/\/ccoo.app\/airbus\/wp-json\/wp\/v2\/posts\/4422\/revisions"}],"predecessor-version":[{"id":4426,"href":"https:\/\/ccoo.app\/airbus\/wp-json\/wp\/v2\/posts\/4422\/revisions\/4426"}],"wp:featuredmedia":[{"embeddable":true,"href":"https:\/\/ccoo.app\/airbus\/wp-json\/wp\/v2\/media\/4425"}],"wp:attachment":[{"href":"https:\/\/ccoo.app\/airbus\/wp-json\/wp\/v2\/media?parent=4422"}],"wp:term":[{"taxonomy":"category","embeddable":true,"href":"https:\/\/ccoo.app\/airbus\/wp-json\/wp\/v2\/categories?post=4422"},{"taxonomy":"post_tag","embeddable":true,"href":"https:\/\/ccoo.app\/airbus\/wp-json\/wp\/v2\/tags?post=4422"}],"curies":[{"name":"wp","href":"https:\/\/api.w.org\/{rel}","templated":true}]}}