{"id":3997,"date":"2021-12-13T13:01:05","date_gmt":"2021-12-13T12:01:05","guid":{"rendered":"https:\/\/ccoo.app\/airbus\/?p=3997"},"modified":"2021-12-13T13:10:53","modified_gmt":"2021-12-13T12:10:53","slug":"reunion-comite-seguridad-y-salud-laboral-interempresas","status":"publish","type":"post","link":"https:\/\/ccoo.app\/airbus\/reunion-comite-seguridad-y-salud-laboral-interempresas\/","title":{"rendered":"REUNI\u00d3N COMIT\u00c9 SEGURIDAD Y SALUD LABORAL INTEREMPRESAS"},"content":{"rendered":"\n<p>A continuaci\u00f3n informamos de la reuni\u00f3n semestral mantenida el pasado jueves, 2 de diciembre, del Comit\u00e9 de Seguridad y Salud Laboral Interempresas.<\/p>\n\n\n\n<p><a href=\"https:\/\/ccoo.app\/airbus\/wp-content\/blogs.dir\/6\/files\/sites\/56\/2021\/12\/211213-comunicado-seguridad-y-salud-laboral-interempresas.pdf\" class=\"ek-link\">Enlace<\/a><\/p>\n\n\n\n<figure class=\"wp-block-image size-large is-resized\"><img loading=\"lazy\" decoding=\"async\" src=\"https:\/\/ccoo.app\/airbus\/wp-content\/blogs.dir\/6\/files\/sites\/56\/2021\/12\/c_users_c40996_desktop_subir_211213-comunicado-seguridad-y-salud-laboral-interempresas1-724x1024.jpg\" alt=\"C Users C40996 Desktop Subir 211213 Comunicado Seguridad Y Salud Laboral Interempresas1\" class=\"wp-image-3998\" width=\"280\" height=\"396\" srcset=\"https:\/\/ccoo.app\/airbus\/wp-content\/blogs.dir\/6\/files\/sites\/56\/2021\/12\/c_users_c40996_desktop_subir_211213-comunicado-seguridad-y-salud-laboral-interempresas1-724x1024.jpg 724w, https:\/\/ccoo.app\/airbus\/wp-content\/blogs.dir\/6\/files\/sites\/56\/2021\/12\/c_users_c40996_desktop_subir_211213-comunicado-seguridad-y-salud-laboral-interempresas1-212x300.jpg 212w, https:\/\/ccoo.app\/airbus\/wp-content\/blogs.dir\/6\/files\/sites\/56\/2021\/12\/c_users_c40996_desktop_subir_211213-comunicado-seguridad-y-salud-laboral-interempresas1-768x1086.jpg 768w, https:\/\/ccoo.app\/airbus\/wp-content\/blogs.dir\/6\/files\/sites\/56\/2021\/12\/c_users_c40996_desktop_subir_211213-comunicado-seguridad-y-salud-laboral-interempresas1-1086x1536.jpg 1086w, https:\/\/ccoo.app\/airbus\/wp-content\/blogs.dir\/6\/files\/sites\/56\/2021\/12\/c_users_c40996_desktop_subir_211213-comunicado-seguridad-y-salud-laboral-interempresas1.jpg 1240w\" sizes=\"auto, (max-width: 280px) 100vw, 280px\" \/><\/figure>\n\n\n\n<figure class=\"wp-block-image size-large is-resized\"><img loading=\"lazy\" decoding=\"async\" src=\"https:\/\/ccoo.app\/airbus\/wp-content\/blogs.dir\/6\/files\/sites\/56\/2021\/12\/c_users_c40996_desktop_subir_211213-comunicado-seguridad-y-salud-laboral-interempresas2-724x1024.jpg\" alt=\"C Users C40996 Desktop Subir 211213 Comunicado Seguridad Y Salud Laboral Interempresas2\" class=\"wp-image-3999\" width=\"281\" height=\"397\" srcset=\"https:\/\/ccoo.app\/airbus\/wp-content\/blogs.dir\/6\/files\/sites\/56\/2021\/12\/c_users_c40996_desktop_subir_211213-comunicado-seguridad-y-salud-laboral-interempresas2-724x1024.jpg 724w, https:\/\/ccoo.app\/airbus\/wp-content\/blogs.dir\/6\/files\/sites\/56\/2021\/12\/c_users_c40996_desktop_subir_211213-comunicado-seguridad-y-salud-laboral-interempresas2-212x300.jpg 212w, https:\/\/ccoo.app\/airbus\/wp-content\/blogs.dir\/6\/files\/sites\/56\/2021\/12\/c_users_c40996_desktop_subir_211213-comunicado-seguridad-y-salud-laboral-interempresas2-768x1086.jpg 768w, https:\/\/ccoo.app\/airbus\/wp-content\/blogs.dir\/6\/files\/sites\/56\/2021\/12\/c_users_c40996_desktop_subir_211213-comunicado-seguridad-y-salud-laboral-interempresas2-1086x1536.jpg 1086w, https:\/\/ccoo.app\/airbus\/wp-content\/blogs.dir\/6\/files\/sites\/56\/2021\/12\/c_users_c40996_desktop_subir_211213-comunicado-seguridad-y-salud-laboral-interempresas2.jpg 1240w\" sizes=\"auto, (max-width: 281px) 100vw, 281px\" \/><\/figure>\n\n\n\n<figure class=\"wp-block-gallery has-nested-images columns-default is-cropped wp-block-gallery-1 is-layout-flex wp-block-gallery-is-layout-flex\">\n<figure class=\"wp-block-image size-large\"><img loading=\"lazy\" decoding=\"async\" width=\"1240\" height=\"1754\" data-id=\"3998\" src=\"https:\/\/ccoo.app\/airbus\/wp-content\/blogs.dir\/6\/files\/sites\/56\/2021\/12\/c_users_c40996_desktop_subir_211213-comunicado-seguridad-y-salud-laboral-interempresas1.jpg\" alt=\"C Users C40996 Desktop Subir 211213 Comunicado Seguridad Y Salud Laboral Interempresas1\" class=\"wp-image-3998\" srcset=\"https:\/\/ccoo.app\/airbus\/wp-content\/blogs.dir\/6\/files\/sites\/56\/2021\/12\/c_users_c40996_desktop_subir_211213-comunicado-seguridad-y-salud-laboral-interempresas1.jpg 1240w, https:\/\/ccoo.app\/airbus\/wp-content\/blogs.dir\/6\/files\/sites\/56\/2021\/12\/c_users_c40996_desktop_subir_211213-comunicado-seguridad-y-salud-laboral-interempresas1-212x300.jpg 212w, https:\/\/ccoo.app\/airbus\/wp-content\/blogs.dir\/6\/files\/sites\/56\/2021\/12\/c_users_c40996_desktop_subir_211213-comunicado-seguridad-y-salud-laboral-interempresas1-724x1024.jpg 724w, https:\/\/ccoo.app\/airbus\/wp-content\/blogs.dir\/6\/files\/sites\/56\/2021\/12\/c_users_c40996_desktop_subir_211213-comunicado-seguridad-y-salud-laboral-interempresas1-768x1086.jpg 768w, https:\/\/ccoo.app\/airbus\/wp-content\/blogs.dir\/6\/files\/sites\/56\/2021\/12\/c_users_c40996_desktop_subir_211213-comunicado-seguridad-y-salud-laboral-interempresas1-1086x1536.jpg 1086w\" sizes=\"auto, (max-width: 1240px) 100vw, 1240px\" \/><\/figure>\n\n\n\n<figure class=\"wp-block-image size-large\"><img loading=\"lazy\" decoding=\"async\" width=\"1240\" height=\"1754\" data-id=\"3999\" src=\"https:\/\/ccoo.app\/airbus\/wp-content\/blogs.dir\/6\/files\/sites\/56\/2021\/12\/c_users_c40996_desktop_subir_211213-comunicado-seguridad-y-salud-laboral-interempresas2.jpg\" alt=\"C Users C40996 Desktop Subir 211213 Comunicado Seguridad Y Salud Laboral Interempresas2\" class=\"wp-image-3999\" srcset=\"https:\/\/ccoo.app\/airbus\/wp-content\/blogs.dir\/6\/files\/sites\/56\/2021\/12\/c_users_c40996_desktop_subir_211213-comunicado-seguridad-y-salud-laboral-interempresas2.jpg 1240w, https:\/\/ccoo.app\/airbus\/wp-content\/blogs.dir\/6\/files\/sites\/56\/2021\/12\/c_users_c40996_desktop_subir_211213-comunicado-seguridad-y-salud-laboral-interempresas2-212x300.jpg 212w, https:\/\/ccoo.app\/airbus\/wp-content\/blogs.dir\/6\/files\/sites\/56\/2021\/12\/c_users_c40996_desktop_subir_211213-comunicado-seguridad-y-salud-laboral-interempresas2-724x1024.jpg 724w, https:\/\/ccoo.app\/airbus\/wp-content\/blogs.dir\/6\/files\/sites\/56\/2021\/12\/c_users_c40996_desktop_subir_211213-comunicado-seguridad-y-salud-laboral-interempresas2-768x1086.jpg 768w, https:\/\/ccoo.app\/airbus\/wp-content\/blogs.dir\/6\/files\/sites\/56\/2021\/12\/c_users_c40996_desktop_subir_211213-comunicado-seguridad-y-salud-laboral-interempresas2-1086x1536.jpg 1086w\" sizes=\"auto, (max-width: 1240px) 100vw, 1240px\" \/><\/figure>\n<\/figure>\n","protected":false},"excerpt":{"rendered":"<p>A continuaci\u00f3n informamos de la reuni\u00f3n semestral mantenida el pasado jueves, 2 de diciembre, del Comit\u00e9 de Seguridad y Salud Laboral Interempresas. Enlace<\/p>\n","protected":false},"author":33,"featured_media":555,"comment_status":"closed","ping_status":"closed","sticky":false,"template":"","format":"standard","meta":{"footnotes":""},"categories":[22,29,40,47,60,66,73],"tags":[],"class_list":["post-3997","post","type-post","status-publish","format-standard","has-post-thumbnail","hentry","category-barajas-push","category-cbc-push","category-getafe-push","category-illescas-push","category-puertoreal-push","category-sanpablo-push","category-tablada-push","generate-columns","tablet-grid-50","mobile-grid-100","grid-parent","grid-33"],"_links":{"self":[{"href":"https:\/\/ccoo.app\/airbus\/wp-json\/wp\/v2\/posts\/3997","targetHints":{"allow":["GET"]}}],"collection":[{"href":"https:\/\/ccoo.app\/airbus\/wp-json\/wp\/v2\/posts"}],"about":[{"href":"https:\/\/ccoo.app\/airbus\/wp-json\/wp\/v2\/types\/post"}],"author":[{"embeddable":true,"href":"https:\/\/ccoo.app\/airbus\/wp-json\/wp\/v2\/users\/33"}],"replies":[{"embeddable":true,"href":"https:\/\/ccoo.app\/airbus\/wp-json\/wp\/v2\/comments?post=3997"}],"version-history":[{"count":4,"href":"https:\/\/ccoo.app\/airbus\/wp-json\/wp\/v2\/posts\/3997\/revisions"}],"predecessor-version":[{"id":4006,"href":"https:\/\/ccoo.app\/airbus\/wp-json\/wp\/v2\/posts\/3997\/revisions\/4006"}],"wp:featuredmedia":[{"embeddable":true,"href":"https:\/\/ccoo.app\/airbus\/wp-json\/wp\/v2\/media\/555"}],"wp:attachment":[{"href":"https:\/\/ccoo.app\/airbus\/wp-json\/wp\/v2\/media?parent=3997"}],"wp:term":[{"taxonomy":"category","embeddable":true,"href":"https:\/\/ccoo.app\/airbus\/wp-json\/wp\/v2\/categories?post=3997"},{"taxonomy":"post_tag","embeddable":true,"href":"https:\/\/ccoo.app\/airbus\/wp-json\/wp\/v2\/tags?post=3997"}],"curies":[{"name":"wp","href":"https:\/\/api.w.org\/{rel}","templated":true}]}}