{"id":3656,"date":"2021-06-07T11:28:08","date_gmt":"2021-06-07T09:28:08","guid":{"rendered":"https:\/\/ccoo.app\/airbus\/?p=3656"},"modified":"2021-06-07T11:39:52","modified_gmt":"2021-06-07T09:39:52","slug":"5-de-junio-dia-mundial-del-medio-ambiente-por-una-transicion-justa-de-territorios-y-sectores","status":"publish","type":"post","link":"https:\/\/ccoo.app\/airbus\/5-de-junio-dia-mundial-del-medio-ambiente-por-una-transicion-justa-de-territorios-y-sectores\/","title":{"rendered":"5 de junio, D\u00eda Mundial del medio Ambiente: Por una transici\u00f3n justa de territorios y sectores."},"content":{"rendered":"\n<figure class=\"wp-block-image size-large\"><img loading=\"lazy\" decoding=\"async\" width=\"1024\" height=\"122\" src=\"https:\/\/ccoo.app\/airbus\/wp-content\/blogs.dir\/6\/files\/sites\/56\/2021\/06\/confe-1024x122.png\" alt=\"Confe\" class=\"wp-image-3658\" srcset=\"https:\/\/ccoo.app\/airbus\/wp-content\/blogs.dir\/6\/files\/sites\/56\/2021\/06\/confe-1024x122.png 1024w, https:\/\/ccoo.app\/airbus\/wp-content\/blogs.dir\/6\/files\/sites\/56\/2021\/06\/confe-300x36.png 300w, https:\/\/ccoo.app\/airbus\/wp-content\/blogs.dir\/6\/files\/sites\/56\/2021\/06\/confe-768x92.png 768w, https:\/\/ccoo.app\/airbus\/wp-content\/blogs.dir\/6\/files\/sites\/56\/2021\/06\/confe.png 1200w\" sizes=\"auto, (max-width: 1024px) 100vw, 1024px\" \/><\/figure>\n\n\n\n<figure class=\"wp-block-image size-large\"><img loading=\"lazy\" decoding=\"async\" width=\"1024\" height=\"576\" src=\"https:\/\/ccoo.app\/airbus\/wp-content\/blogs.dir\/6\/files\/sites\/56\/2021\/06\/dia-mundial-medio-ambiente-1024x576.jpeg\" alt=\"Dia Mundial Medio Ambiente\" class=\"wp-image-3657\" srcset=\"https:\/\/ccoo.app\/airbus\/wp-content\/blogs.dir\/6\/files\/sites\/56\/2021\/06\/dia-mundial-medio-ambiente-1024x576.jpeg 1024w, https:\/\/ccoo.app\/airbus\/wp-content\/blogs.dir\/6\/files\/sites\/56\/2021\/06\/dia-mundial-medio-ambiente-300x169.jpeg 300w, https:\/\/ccoo.app\/airbus\/wp-content\/blogs.dir\/6\/files\/sites\/56\/2021\/06\/dia-mundial-medio-ambiente-768x432.jpeg 768w, https:\/\/ccoo.app\/airbus\/wp-content\/blogs.dir\/6\/files\/sites\/56\/2021\/06\/dia-mundial-medio-ambiente.jpeg 1200w\" sizes=\"auto, (max-width: 1024px) 100vw, 1024px\" \/><\/figure>\n\n\n\n<p><strong>Con motivo de la celebraci\u00f3n del D\u00eda Mundial del Medio Ambiente, CCOO llama a reflexionar acerca de la necesidad de una transformaci\u00f3n m\u00e1s profunda de nuestros modos de vida, de consumo y de transporte y de c\u00f3mo articular medidas para que toda esa reestructuraci\u00f3n del sistema productivo, que hay que impulsar sin medias tintas, tenga en cuenta el componente social y la adaptaci\u00f3n de las y los trabajadores a los nuevos empleos que van a necesitarse. Y para ello, una de las tareas es profundizar y desarrollar unos instrumentos claramente definidos para una transici\u00f3n justa de territorios y sectores.<\/strong><\/p>\n\n\n\n<p>En el per\u00edodo de poco m\u00e1s de un a\u00f1o que ha transcurrido desde el inicio de la pandemia del COVID19 muchas percepciones han cambiado en la sociedad.&nbsp;<\/p>\n\n\n\n<p>En primer lugar, la falsa seguridad de protecci\u00f3n que nos proporcionaba la tecnolog\u00eda y la ciencia se ha tornado a una situaci\u00f3n de vulnerabilidad extrema ante agentes microsc\u00f3picos de la naturaleza, de los que nos cre\u00edamos inmunes. Se han manifestado las debilidades de un modelo de desarrollo excesivamente globalizado dependiente de terceros pa\u00edses para productos que se consideraban de \u201cbajo valor a\u00f1adido\u201d que ante una situaci\u00f3n como la derivada de la pandemia se han tornado como vitales. Un sistema muy agresivo con los ecosistemas y nuestros entornos de vida, como se ha reflejado en la recuperaci\u00f3n de la naturaleza que hemos tenido durante el periodo de confinamiento que lamentablemente en el proceso de recuperaci\u00f3n de la \u201cnormalidad\u201d vamos viendo c\u00f3mo se va perdiendo paulatinamente. Deber\u00edamos reflexionar como sociedad si volver a \u201cnormalidad\u201d es la mejor decisi\u00f3n para nuestra salud y la de las pr\u00f3ximas generaciones. La crisis del COVID19 ha puesto tambi\u00e9n de relieve que otra amenaza, la clim\u00e1tica, puede poner en riesgo a la sociedad humana, alterar el empleo y las condiciones de vida de millones de personas.&nbsp;<\/p>\n\n\n\n<p>En segundo lugar, no nos cansaremos de manifestar la importancia de mantener unos servicios p\u00fablicos suficientes, adecuados y bien dotados, no s\u00f3lo sanitarios, y una industria nacional que provea de los productos esenciales para satisfacer nuestras necesidades b\u00e1sicas y que debe ir tomando medidas para ir situ\u00e1ndose tambi\u00e9n a la vanguardia de los procesos de transici\u00f3n ecol\u00f3gica, ya incuestionables, no solo vinculados con la energ\u00eda.<\/p>\n\n\n\n<p>A partir de aqu\u00ed CCOO llama a reflexionar en este d\u00eda del medio ambiente acerca de la necesidad de una transformaci\u00f3n m\u00e1s profunda de nuestros modos de vida, de consumo y de transporte y de c\u00f3mo articular medidas para que toda esa reestructuraci\u00f3n del sistema productivo, que hay que impulsar sin medias tintas, tenga en cuenta el componente social y la adaptaci\u00f3n de las y los trabajadores a los nuevos empleos que van a necesitarse. Y para ello, una de las tareas es profundizar y desarrollar unos instrumentos claramente definidos para una transici\u00f3n justa de territorios y sectores.<\/p>\n\n\n\n<ul class=\"wp-block-list\"><li><\/li><\/ul>\n\n\n\n<p><\/p>\n","protected":false},"excerpt":{"rendered":"<p>Con motivo de la celebraci\u00f3n del D\u00eda Mundial del Medio Ambiente, CCOO llama a reflexionar acerca de la necesidad de una transformaci\u00f3n m\u00e1s profunda de nuestros modos de vida, de &#8230; <a title=\"5 de junio, D\u00eda Mundial del medio Ambiente: Por una transici\u00f3n justa de territorios y sectores.\" class=\"read-more\" href=\"https:\/\/ccoo.app\/airbus\/5-de-junio-dia-mundial-del-medio-ambiente-por-una-transicion-justa-de-territorios-y-sectores\/\" aria-label=\"Leer m\u00e1s sobre 5 de junio, D\u00eda Mundial del medio Ambiente: Por una transici\u00f3n justa de territorios y sectores.\">Leer m\u00e1s<\/a><\/p>\n","protected":false},"author":33,"featured_media":3657,"comment_status":"closed","ping_status":"closed","sticky":false,"template":"","format":"standard","meta":{"footnotes":""},"categories":[15,22,29,40,47,60,66,73],"tags":[],"class_list":["post-3656","post","type-post","status-publish","format-standard","has-post-thumbnail","hentry","category-albacete-push","category-barajas-push","category-cbc-push","category-getafe-push","category-illescas-push","category-puertoreal-push","category-sanpablo-push","category-tablada-push","generate-columns","tablet-grid-50","mobile-grid-100","grid-parent","grid-33"],"_links":{"self":[{"href":"https:\/\/ccoo.app\/airbus\/wp-json\/wp\/v2\/posts\/3656","targetHints":{"allow":["GET"]}}],"collection":[{"href":"https:\/\/ccoo.app\/airbus\/wp-json\/wp\/v2\/posts"}],"about":[{"href":"https:\/\/ccoo.app\/airbus\/wp-json\/wp\/v2\/types\/post"}],"author":[{"embeddable":true,"href":"https:\/\/ccoo.app\/airbus\/wp-json\/wp\/v2\/users\/33"}],"replies":[{"embeddable":true,"href":"https:\/\/ccoo.app\/airbus\/wp-json\/wp\/v2\/comments?post=3656"}],"version-history":[{"count":1,"href":"https:\/\/ccoo.app\/airbus\/wp-json\/wp\/v2\/posts\/3656\/revisions"}],"predecessor-version":[{"id":3659,"href":"https:\/\/ccoo.app\/airbus\/wp-json\/wp\/v2\/posts\/3656\/revisions\/3659"}],"wp:featuredmedia":[{"embeddable":true,"href":"https:\/\/ccoo.app\/airbus\/wp-json\/wp\/v2\/media\/3657"}],"wp:attachment":[{"href":"https:\/\/ccoo.app\/airbus\/wp-json\/wp\/v2\/media?parent=3656"}],"wp:term":[{"taxonomy":"category","embeddable":true,"href":"https:\/\/ccoo.app\/airbus\/wp-json\/wp\/v2\/categories?post=3656"},{"taxonomy":"post_tag","embeddable":true,"href":"https:\/\/ccoo.app\/airbus\/wp-json\/wp\/v2\/tags?post=3656"}],"curies":[{"name":"wp","href":"https:\/\/api.w.org\/{rel}","templated":true}]}}