{"id":3650,"date":"2021-05-31T07:32:47","date_gmt":"2021-05-31T05:32:47","guid":{"rendered":"https:\/\/ccoo.app\/airbus\/?p=3650"},"modified":"2021-05-31T07:35:56","modified_gmt":"2021-05-31T05:35:56","slug":"prorroga-erte-aosl","status":"publish","type":"post","link":"https:\/\/ccoo.app\/airbus\/prorroga-erte-aosl\/","title":{"rendered":"PRORROGA ERTE AOSL"},"content":{"rendered":"\n<figure class=\"wp-block-image\"><img decoding=\"async\" src=\"https:\/\/mail.google.com\/mail\/u\/1?ui=2&amp;ik=d7b6b19c1c&amp;attid=0.0.1&amp;permmsgid=msg-f:1701003525711765814&amp;th=179b2db1bfbca136&amp;view=fimg&amp;sz=s0-l75-ft&amp;attbid=ANGjdJ-G_rgjlu-YizexAreOEvhyegelfbExPCguWTaG0m_KmnqJFCQLWMuJ6uUZnHEXfHKXEjmn5uozVvadItNDsPYkiN9ys7fIfIP8VO9X20fu3RHuOqpb5YW3jWg&amp;disp=emb\" alt=\"cid:image011.jpg@01D65397.3E78F590\" \/><\/figure>\n\n\n\n<p><strong><u>COMUNICADO CCOO, UGT-FICA AIRE y ATP-SAe<\/u><\/strong><\/p>\n\n\n\n<p><strong><u>PRORROGA ERTE AOSL<\/u><\/strong><\/p>\n\n\n\n<p>En el d\u00eda de hoy se ha acordado por mayor\u00eda de la Comisi\u00f3n Representativa de los Trabajadores, CCOO, UGT-FICA AIRE y ATP-SAe, la pr\u00f3rroga del actual ERTE en la divisi\u00f3n de Airbus Operaciones desde el d\u00eda 1 de Junio al 30 Junio ambos inclusive.<\/p>\n\n\n\n<p>&nbsp;Las condiciones que se han acordado son las mismas que ya se acordaron en el actual ERTE recogiendo el acuerdo las mismas garant\u00edas que se han estado aplicando desde Noviembre, siendo el personal afectado indicado en el anexo que adjuntamos.<\/p>\n\n\n\n<p>&nbsp;As\u00ed mismo, se han incluido mecanismos para que, todo el personal que tuviera solicitados permisos o ausencias con anterioridad a la firma de este acuerdo, no vean mermado su derecho a disfrutar de las ausencias retribuidas que establece nuestro Convenio Colectivo (vacaciones, permisos retribuidos, d\u00edas de libre disposici\u00f3n, etc.) por existir coincidencia con los nuevos d\u00edas de suspensi\u00f3n de este mes de Junio.<\/p>\n","protected":false},"excerpt":{"rendered":"<p>COMUNICADO CCOO, UGT-FICA AIRE y ATP-SAe PRORROGA ERTE AOSL En el d\u00eda de hoy se ha acordado por mayor\u00eda de la Comisi\u00f3n Representativa de los Trabajadores, CCOO, UGT-FICA AIRE y &#8230; <a title=\"PRORROGA ERTE AOSL\" class=\"read-more\" href=\"https:\/\/ccoo.app\/airbus\/prorroga-erte-aosl\/\" aria-label=\"Leer m\u00e1s sobre PRORROGA ERTE AOSL\">Leer m\u00e1s<\/a><\/p>\n","protected":false},"author":33,"featured_media":551,"comment_status":"closed","ping_status":"closed","sticky":false,"template":"","format":"standard","meta":{"footnotes":""},"categories":[15,22,29,40,47,60,66,73],"tags":[],"class_list":["post-3650","post","type-post","status-publish","format-standard","has-post-thumbnail","hentry","category-albacete-push","category-barajas-push","category-cbc-push","category-getafe-push","category-illescas-push","category-puertoreal-push","category-sanpablo-push","category-tablada-push","generate-columns","tablet-grid-50","mobile-grid-100","grid-parent","grid-33"],"_links":{"self":[{"href":"https:\/\/ccoo.app\/airbus\/wp-json\/wp\/v2\/posts\/3650","targetHints":{"allow":["GET"]}}],"collection":[{"href":"https:\/\/ccoo.app\/airbus\/wp-json\/wp\/v2\/posts"}],"about":[{"href":"https:\/\/ccoo.app\/airbus\/wp-json\/wp\/v2\/types\/post"}],"author":[{"embeddable":true,"href":"https:\/\/ccoo.app\/airbus\/wp-json\/wp\/v2\/users\/33"}],"replies":[{"embeddable":true,"href":"https:\/\/ccoo.app\/airbus\/wp-json\/wp\/v2\/comments?post=3650"}],"version-history":[{"count":2,"href":"https:\/\/ccoo.app\/airbus\/wp-json\/wp\/v2\/posts\/3650\/revisions"}],"predecessor-version":[{"id":3652,"href":"https:\/\/ccoo.app\/airbus\/wp-json\/wp\/v2\/posts\/3650\/revisions\/3652"}],"wp:featuredmedia":[{"embeddable":true,"href":"https:\/\/ccoo.app\/airbus\/wp-json\/wp\/v2\/media\/551"}],"wp:attachment":[{"href":"https:\/\/ccoo.app\/airbus\/wp-json\/wp\/v2\/media?parent=3650"}],"wp:term":[{"taxonomy":"category","embeddable":true,"href":"https:\/\/ccoo.app\/airbus\/wp-json\/wp\/v2\/categories?post=3650"},{"taxonomy":"post_tag","embeddable":true,"href":"https:\/\/ccoo.app\/airbus\/wp-json\/wp\/v2\/tags?post=3650"}],"curies":[{"name":"wp","href":"https:\/\/api.w.org\/{rel}","templated":true}]}}