{"id":3627,"date":"2021-05-25T10:57:03","date_gmt":"2021-05-25T08:57:03","guid":{"rendered":"https:\/\/ccoo.app\/airbus\/?p=3627"},"modified":"2021-05-25T10:58:57","modified_gmt":"2021-05-25T08:58:57","slug":"pleno-de-afiliados-y-afiliadas","status":"publish","type":"post","link":"https:\/\/ccoo.app\/airbus\/pleno-de-afiliados-y-afiliadas\/","title":{"rendered":"PLENO DE AFILIADOS Y AFILIADAS"},"content":{"rendered":"\n<p>Compa\u00f1eros y Compa\u00f1eras:<\/p>\n\n\n\n<p>Desde la&nbsp;<strong>Secci\u00f3n Sindical de CCOO Airbus<\/strong>&nbsp;vamos a realizar la convocatoria de&nbsp;<strong>pleno de afiliados y afiliadas<\/strong>&nbsp;que debido a la pandemia en la que nos encontramos producida por el COVID-19 se realizar\u00e1&nbsp;<strong>&nbsp;por secciones y turnos<\/strong>, para as\u00ed poder&nbsp;<strong>garantizar la seguridad<\/strong>&nbsp;de todos y todas las asistentes.<\/p>\n\n\n\n<p>La &nbsp;convocatoria de pleno se realizar\u00e1 el&nbsp;<strong>mi\u00e9rcoles 26 de mayo<\/strong>. La asistencia ser\u00e1 tanto de manera&nbsp;<strong>presencial<\/strong>&nbsp;(\u00e1reas de producci\u00f3n) como&nbsp;<strong>telem\u00e1tica<\/strong>&nbsp;(oficinas, teletrabajo o personas afiliadas que se encuentren fuera de nuestras instalaciones) la cual se realizar\u00e1 el&nbsp;<strong>jueves 27 de mayo<\/strong>.<\/p>\n\n\n\n<p>Rogamos que seamos&nbsp;<strong>respetuosos con los turnos y horarios<\/strong>&nbsp;para as\u00ed garantizar que no se produzcan aglomeraciones al poder garantizar los aforos y distancias de seguridad.<\/p>\n\n\n\n<p>Recordamos que ser\u00e1 obligatorio el uso de mascarillas y el cumplimiento de todas las medidas de seguridad.<\/p>\n\n\n\n<p>*La direcci\u00f3n para conectarse a la videoconferencia la haremos llegar a lo largo de la semana<\/p>\n\n\n\n<figure class=\"wp-block-image size-large\"><img loading=\"lazy\" decoding=\"async\" width=\"1024\" height=\"768\" src=\"https:\/\/ccoo.app\/airbus\/wp-content\/blogs.dir\/6\/files\/sites\/56\/2021\/05\/26052021pleno-afliados-_page-0001-1024x768.jpg\" alt=\"26052021pleno Afliados Page 0001\" class=\"wp-image-3626\" srcset=\"https:\/\/ccoo.app\/airbus\/wp-content\/blogs.dir\/6\/files\/sites\/56\/2021\/05\/26052021pleno-afliados-_page-0001-1024x768.jpg 1024w, https:\/\/ccoo.app\/airbus\/wp-content\/blogs.dir\/6\/files\/sites\/56\/2021\/05\/26052021pleno-afliados-_page-0001-300x225.jpg 300w, https:\/\/ccoo.app\/airbus\/wp-content\/blogs.dir\/6\/files\/sites\/56\/2021\/05\/26052021pleno-afliados-_page-0001-768x576.jpg 768w, https:\/\/ccoo.app\/airbus\/wp-content\/blogs.dir\/6\/files\/sites\/56\/2021\/05\/26052021pleno-afliados-_page-0001.jpg 1500w\" sizes=\"auto, (max-width: 1024px) 100vw, 1024px\" \/><\/figure>\n\n\n","protected":false},"excerpt":{"rendered":"<p>Compa\u00f1eros y Compa\u00f1eras: Desde la&nbsp;Secci\u00f3n Sindical de CCOO Airbus&nbsp;vamos a realizar la convocatoria de&nbsp;pleno de afiliados y afiliadas&nbsp;que debido a la pandemia en la que nos encontramos producida por el &#8230; <a title=\"PLENO DE AFILIADOS Y AFILIADAS\" class=\"read-more\" href=\"https:\/\/ccoo.app\/airbus\/pleno-de-afiliados-y-afiliadas\/\" aria-label=\"Leer m\u00e1s sobre PLENO DE AFILIADOS Y AFILIADAS\">Leer m\u00e1s<\/a><\/p>\n","protected":false},"author":33,"featured_media":0,"comment_status":"closed","ping_status":"closed","sticky":false,"template":"","format":"standard","meta":{"footnotes":""},"categories":[38,40],"tags":[],"class_list":["post-3627","post","type-post","status-publish","format-standard","hentry","category-getafe-comunicados","category-getafe-push","generate-columns","tablet-grid-50","mobile-grid-100","grid-parent","grid-33"],"_links":{"self":[{"href":"https:\/\/ccoo.app\/airbus\/wp-json\/wp\/v2\/posts\/3627","targetHints":{"allow":["GET"]}}],"collection":[{"href":"https:\/\/ccoo.app\/airbus\/wp-json\/wp\/v2\/posts"}],"about":[{"href":"https:\/\/ccoo.app\/airbus\/wp-json\/wp\/v2\/types\/post"}],"author":[{"embeddable":true,"href":"https:\/\/ccoo.app\/airbus\/wp-json\/wp\/v2\/users\/33"}],"replies":[{"embeddable":true,"href":"https:\/\/ccoo.app\/airbus\/wp-json\/wp\/v2\/comments?post=3627"}],"version-history":[{"count":3,"href":"https:\/\/ccoo.app\/airbus\/wp-json\/wp\/v2\/posts\/3627\/revisions"}],"predecessor-version":[{"id":3631,"href":"https:\/\/ccoo.app\/airbus\/wp-json\/wp\/v2\/posts\/3627\/revisions\/3631"}],"wp:attachment":[{"href":"https:\/\/ccoo.app\/airbus\/wp-json\/wp\/v2\/media?parent=3627"}],"wp:term":[{"taxonomy":"category","embeddable":true,"href":"https:\/\/ccoo.app\/airbus\/wp-json\/wp\/v2\/categories?post=3627"},{"taxonomy":"post_tag","embeddable":true,"href":"https:\/\/ccoo.app\/airbus\/wp-json\/wp\/v2\/tags?post=3627"}],"curies":[{"name":"wp","href":"https:\/\/api.w.org\/{rel}","templated":true}]}}