{"id":3580,"date":"2021-05-13T07:56:27","date_gmt":"2021-05-13T05:56:27","guid":{"rendered":"https:\/\/ccoo.app\/airbus\/?p=3580"},"modified":"2021-05-13T07:57:22","modified_gmt":"2021-05-13T05:57:22","slug":"movilizaciones-tablada","status":"publish","type":"post","link":"https:\/\/ccoo.app\/airbus\/movilizaciones-tablada\/","title":{"rendered":"Movilizaciones Tablada."},"content":{"rendered":"\n<p>BUENOS D\u00cdAS, DESDE LA SECCI\u00d3N SINDICAL DE&nbsp;<strong>CCOO TABLADA<\/strong>&nbsp;TRASLADAMOS NUEVAMENTE A LA PLANTILLA EL&nbsp;<strong><u>LLAMAMIENTO A LA PARTICIPACI\u00d3N Y A SECUNDAR EL PARO DE 2H CONVOCADO<\/u><\/strong>, <strong><u>VUESTRA COLABORACI\u00d3N Y EL APOYO ACTIVO A LAS MOVILIZACIONES ES FUNDAMENTAL E IMPRESCINDIBLE.<\/u><\/strong><\/p>\n\n\n\n<figure class=\"wp-block-image size-large\"><img loading=\"lazy\" decoding=\"async\" width=\"709\" height=\"1024\" src=\"https:\/\/ccoo.app\/airbus\/wp-content\/blogs.dir\/6\/files\/sites\/56\/2021\/05\/movilizaciones-tablada-11-al-14-de-mayo_page-0001-709x1024.jpg\" alt=\"Movilizaciones Tablada 11 Al 14 De Mayo Page 0001\" class=\"wp-image-3579\" srcset=\"https:\/\/ccoo.app\/airbus\/wp-content\/blogs.dir\/6\/files\/sites\/56\/2021\/05\/movilizaciones-tablada-11-al-14-de-mayo_page-0001-709x1024.jpg 709w, https:\/\/ccoo.app\/airbus\/wp-content\/blogs.dir\/6\/files\/sites\/56\/2021\/05\/movilizaciones-tablada-11-al-14-de-mayo_page-0001-208x300.jpg 208w, https:\/\/ccoo.app\/airbus\/wp-content\/blogs.dir\/6\/files\/sites\/56\/2021\/05\/movilizaciones-tablada-11-al-14-de-mayo_page-0001-768x1109.jpg 768w, https:\/\/ccoo.app\/airbus\/wp-content\/blogs.dir\/6\/files\/sites\/56\/2021\/05\/movilizaciones-tablada-11-al-14-de-mayo_page-0001-1063x1536.jpg 1063w, https:\/\/ccoo.app\/airbus\/wp-content\/blogs.dir\/6\/files\/sites\/56\/2021\/05\/movilizaciones-tablada-11-al-14-de-mayo_page-0001.jpg 1125w\" sizes=\"auto, (max-width: 709px) 100vw, 709px\" \/><\/figure>\n","protected":false},"excerpt":{"rendered":"<p>BUENOS D\u00cdAS, DESDE LA SECCI\u00d3N SINDICAL DE&nbsp;CCOO TABLADA&nbsp;TRASLADAMOS NUEVAMENTE A LA PLANTILLA EL&nbsp;LLAMAMIENTO A LA PARTICIPACI\u00d3N Y A SECUNDAR EL PARO DE 2H CONVOCADO, VUESTRA COLABORACI\u00d3N Y EL APOYO ACTIVO &#8230; <a title=\"Movilizaciones Tablada.\" class=\"read-more\" href=\"https:\/\/ccoo.app\/airbus\/movilizaciones-tablada\/\" aria-label=\"Leer m\u00e1s sobre Movilizaciones Tablada.\">Leer m\u00e1s<\/a><\/p>\n","protected":false},"author":33,"featured_media":0,"comment_status":"closed","ping_status":"closed","sticky":false,"template":"","format":"standard","meta":{"footnotes":""},"categories":[1,73],"tags":[],"class_list":["post-3580","post","type-post","status-publish","format-standard","hentry","category-blog","category-tablada-push","generate-columns","tablet-grid-50","mobile-grid-100","grid-parent","grid-33"],"_links":{"self":[{"href":"https:\/\/ccoo.app\/airbus\/wp-json\/wp\/v2\/posts\/3580","targetHints":{"allow":["GET"]}}],"collection":[{"href":"https:\/\/ccoo.app\/airbus\/wp-json\/wp\/v2\/posts"}],"about":[{"href":"https:\/\/ccoo.app\/airbus\/wp-json\/wp\/v2\/types\/post"}],"author":[{"embeddable":true,"href":"https:\/\/ccoo.app\/airbus\/wp-json\/wp\/v2\/users\/33"}],"replies":[{"embeddable":true,"href":"https:\/\/ccoo.app\/airbus\/wp-json\/wp\/v2\/comments?post=3580"}],"version-history":[{"count":3,"href":"https:\/\/ccoo.app\/airbus\/wp-json\/wp\/v2\/posts\/3580\/revisions"}],"predecessor-version":[{"id":3583,"href":"https:\/\/ccoo.app\/airbus\/wp-json\/wp\/v2\/posts\/3580\/revisions\/3583"}],"wp:attachment":[{"href":"https:\/\/ccoo.app\/airbus\/wp-json\/wp\/v2\/media?parent=3580"}],"wp:term":[{"taxonomy":"category","embeddable":true,"href":"https:\/\/ccoo.app\/airbus\/wp-json\/wp\/v2\/categories?post=3580"},{"taxonomy":"post_tag","embeddable":true,"href":"https:\/\/ccoo.app\/airbus\/wp-json\/wp\/v2\/tags?post=3580"}],"curies":[{"name":"wp","href":"https:\/\/api.w.org\/{rel}","templated":true}]}}