{"id":3536,"date":"2021-05-04T10:58:20","date_gmt":"2021-05-04T08:58:20","guid":{"rendered":"https:\/\/ccoo.app\/airbus\/?p=3536"},"modified":"2021-05-04T10:59:15","modified_gmt":"2021-05-04T08:59:15","slug":"junta-de-portavoces-getafe","status":"publish","type":"post","link":"https:\/\/ccoo.app\/airbus\/junta-de-portavoces-getafe\/","title":{"rendered":"Junta De Portavoces Getafe"},"content":{"rendered":"\n<p><strong><u>JUNTA DE PORTAVOCES DE GETAFE<\/u><\/strong><\/p>\n\n\n\n<p><strong>\u00ad\u00ad\u00ad\u00ad\u00ad\u00ad\u00ad\u00ad\u00ad\u00ad\u00ad\u00ad\u00ad<\/strong><\/p>\n\n\n\n<p><strong><u>A LA ATENCI\u00d3N DE TODA LA PLANTILLA DE AIRBUS GETAFE<\/u><\/strong><\/p>\n\n\n\n<p>Desde la Junta De Portavoces de Getafe queremos informar a toda la plantilla de las movilizaciones acordadas en el Comit\u00e9 Interempresas que vamos a llevar a cabo en el centro de Getafe:<\/p>\n\n\n\n<p>\u00b7&nbsp;&nbsp;&nbsp;&nbsp;&nbsp;&nbsp;&nbsp;&nbsp;Concentraci\u00f3n en la puerta norte el d\u00eda 4 de mayo de 10:00 a 10:30 (en tiempo de descanso).<\/p>\n\n\n\n<p>\u00b7&nbsp;&nbsp;&nbsp;&nbsp;&nbsp;&nbsp;&nbsp;&nbsp;&nbsp;D\u00eda 5 de mayo paros en huelga de 2 horas:<\/p>\n\n\n\n<p>o&nbsp;&nbsp;&nbsp;TURNO DE NOCHE: En horario de 05:00 a 07:00<\/p>\n\n\n\n<p>o&nbsp;&nbsp;&nbsp;TURNO DE MANA\u00d1A: Manifestaci\u00f3n itinerante de 11:00 a 13:00 comenzando en el edificio S23.<\/p>\n\n\n\n<p>o&nbsp;&nbsp;&nbsp;TURNO DE TARDE: De 16:00 a 18:00.<\/p>\n\n\n\n<p>\u00b7&nbsp;&nbsp;&nbsp;&nbsp;&nbsp;&nbsp;&nbsp;&nbsp;D\u00eda 6 y 7 de mayo, encierro en el centro de Getafe de todos los representantes sindicales comenzando el d\u00eda 6 a las 18:30 y finalizando el d\u00eda 7 a las 10:00.<\/p>\n\n\n\n<p>Recordar&nbsp;<strong>NO COLABORACION<\/strong>&nbsp;en todos los centros sin excepciones.<\/p>\n\n\n\n<p>Os seguiremos informando<\/p>\n\n\n\n<p><strong>POR EL EMPLEO<\/strong><\/p>\n\n\n\n<p><strong>POR EL SECTOR<\/strong><\/p>\n\n\n\n<p><strong>POR LOS PUESTOS DE TRABAJO<\/strong><\/p>\n\n\n\n<p><strong>\u00a1\u00a1\u00a1\u00a1PUERTO REAL NO SE CIERRA!!!!<\/strong>&#8230;<\/p>\n","protected":false},"excerpt":{"rendered":"<p>JUNTA DE PORTAVOCES DE GETAFE \u00ad\u00ad\u00ad\u00ad\u00ad\u00ad\u00ad\u00ad\u00ad\u00ad\u00ad\u00ad\u00ad A LA ATENCI\u00d3N DE TODA LA PLANTILLA DE AIRBUS GETAFE Desde la Junta De Portavoces de Getafe queremos informar a toda la plantilla de &#8230; <a title=\"Junta De Portavoces Getafe\" class=\"read-more\" href=\"https:\/\/ccoo.app\/airbus\/junta-de-portavoces-getafe\/\" aria-label=\"Leer m\u00e1s sobre Junta De Portavoces Getafe\">Leer m\u00e1s<\/a><\/p>\n","protected":false},"author":33,"featured_media":0,"comment_status":"closed","ping_status":"closed","sticky":false,"template":"","format":"standard","meta":{"footnotes":""},"categories":[40],"tags":[],"class_list":["post-3536","post","type-post","status-publish","format-standard","hentry","category-getafe-push","generate-columns","tablet-grid-50","mobile-grid-100","grid-parent","grid-33"],"_links":{"self":[{"href":"https:\/\/ccoo.app\/airbus\/wp-json\/wp\/v2\/posts\/3536","targetHints":{"allow":["GET"]}}],"collection":[{"href":"https:\/\/ccoo.app\/airbus\/wp-json\/wp\/v2\/posts"}],"about":[{"href":"https:\/\/ccoo.app\/airbus\/wp-json\/wp\/v2\/types\/post"}],"author":[{"embeddable":true,"href":"https:\/\/ccoo.app\/airbus\/wp-json\/wp\/v2\/users\/33"}],"replies":[{"embeddable":true,"href":"https:\/\/ccoo.app\/airbus\/wp-json\/wp\/v2\/comments?post=3536"}],"version-history":[{"count":2,"href":"https:\/\/ccoo.app\/airbus\/wp-json\/wp\/v2\/posts\/3536\/revisions"}],"predecessor-version":[{"id":3538,"href":"https:\/\/ccoo.app\/airbus\/wp-json\/wp\/v2\/posts\/3536\/revisions\/3538"}],"wp:attachment":[{"href":"https:\/\/ccoo.app\/airbus\/wp-json\/wp\/v2\/media?parent=3536"}],"wp:term":[{"taxonomy":"category","embeddable":true,"href":"https:\/\/ccoo.app\/airbus\/wp-json\/wp\/v2\/categories?post=3536"},{"taxonomy":"post_tag","embeddable":true,"href":"https:\/\/ccoo.app\/airbus\/wp-json\/wp\/v2\/tags?post=3536"}],"curies":[{"name":"wp","href":"https:\/\/api.w.org\/{rel}","templated":true}]}}