{"id":3155,"date":"2021-03-15T08:42:44","date_gmt":"2021-03-15T07:42:44","guid":{"rendered":"https:\/\/ccoo.app\/airbus\/?p=3155"},"modified":"2021-04-20T11:06:20","modified_gmt":"2021-04-20T09:06:20","slug":"sesion-de-comunicacion-para-afiliads-a-ccoo","status":"publish","type":"post","link":"https:\/\/ccoo.app\/airbus\/sesion-de-comunicacion-para-afiliads-a-ccoo\/","title":{"rendered":"Sesi\u00f3n de Comunicaci\u00f3n para afiliad@s a CCOO."},"content":{"rendered":"\n<h2 class=\"gb-headline gb-headline-6bdacdd1 gb-headline-text\"><span class=\"has-inline-color has-vivid-red-color\">Pr\u00f3ximo\u00a0\u00a0martes\u00a016\u00a0de marzo a las 10:00h tendr\u00e1 lugar una\u00a0Sesi\u00f3n <\/span><br><span class=\"has-inline-color has-vivid-red-color\">de\u00a0Comunicaci\u00f3n\u00a0v\u00eda\u00a0Webex\u00a0\u00a0con el siguiente orden del d\u00eda:<\/span><\/h2>\n\n\n\n<h2 class=\"wp-block-heading\">\u00b7&nbsp;&nbsp;&nbsp;&nbsp;&nbsp;&nbsp;&nbsp;&nbsp;&nbsp;Situaci\u00f3n Industrial<\/h2>\n\n\n\n<h2 class=\"wp-block-heading\">\u00b7&nbsp;&nbsp;&nbsp;&nbsp;&nbsp;&nbsp;&nbsp;&nbsp;&nbsp;VI Convenio Colectivo<\/h2>\n\n\n\n<h2 class=\"wp-block-heading\">\u00b7\u00a0\u00a0\u00a0\u00a0\u00a0\u00a0\u00a0\u00a0\u00a0Preguntas y Respuestas<\/h2>\n\n\n\n<p>En la Sesi\u00f3n de Comunicaci\u00f3n intervendr\u00e1n Francisco J. San Jos\u00e9, \u00a0Secretario General Interempresas y\u00a0Carlos Benavente, Secretario Acci\u00f3n Sindical Interempresas.\u00a0 Ambos dar\u00e1n respuesta a vuestras preguntas al final de la misma.<br>\u00a0<br>Para\u00a0conectarte pincha\u00a0el siguiente\u00a0link:<br><br>\u00a0Your event link :\u00a0<a rel=\"noreferrer noopener\" href=\"https:\/\/airbus-events.webex.com\/airbus-events\/onstage\/g.php?MTID=e535cfa9c9903c0474e8058169856546f\" target=\"_blank\" class=\"ek-link\">https:\/\/airbus-events.webex.com\/airbus-events\/onstage\/g.php?MTID=e535cfa9c9903c0474e8058169856546f<\/a>\u00a0\u00a0<br><em>\u00a0<\/em><br>Asimismo, os informamos que el evento se realizar\u00e1 en el\u00a0Auditorio del edificio A4, planta baja. Aquellos de vosotros que por proximidad prefir\u00e1is asistir de forma presencial, sabed que el\u00a0aforo permitido\u00a0en el Auditorio para garantizar vuestra seguridad es de\u00a045\u00a0personas.<\/p>\n\n\n\n<figure class=\"wp-block-image size-large\"><img loading=\"lazy\" decoding=\"async\" width=\"1024\" height=\"768\" src=\"https:\/\/ccoo.app\/airbus\/wp-content\/blogs.dir\/6\/files\/sites\/56\/2020\/11\/whatsapp-image-2020-11-13-at-11-55-54-1024x768.jpeg\" alt=\"Whatsapp Image 2020 11 13 At 11.55.54\" class=\"wp-image-2163\" srcset=\"https:\/\/ccoo.app\/airbus\/wp-content\/blogs.dir\/6\/files\/sites\/56\/2020\/11\/whatsapp-image-2020-11-13-at-11-55-54-1024x768.jpeg 1024w, https:\/\/ccoo.app\/airbus\/wp-content\/blogs.dir\/6\/files\/sites\/56\/2020\/11\/whatsapp-image-2020-11-13-at-11-55-54-300x225.jpeg 300w, https:\/\/ccoo.app\/airbus\/wp-content\/blogs.dir\/6\/files\/sites\/56\/2020\/11\/whatsapp-image-2020-11-13-at-11-55-54-768x576.jpeg 768w, https:\/\/ccoo.app\/airbus\/wp-content\/blogs.dir\/6\/files\/sites\/56\/2020\/11\/whatsapp-image-2020-11-13-at-11-55-54-1536x1152.jpeg 1536w, https:\/\/ccoo.app\/airbus\/wp-content\/blogs.dir\/6\/files\/sites\/56\/2020\/11\/whatsapp-image-2020-11-13-at-11-55-54.jpeg 2048w\" sizes=\"auto, (max-width: 1024px) 100vw, 1024px\" \/><\/figure>\n\n\n\n<p><\/p>\n","protected":false},"excerpt":{"rendered":"<p>Pr\u00f3ximo\u00a0\u00a0martes\u00a016\u00a0de marzo a las 10:00h tendr\u00e1 lugar una\u00a0Sesi\u00f3n de\u00a0Comunicaci\u00f3n\u00a0v\u00eda\u00a0Webex\u00a0\u00a0con el siguiente orden del d\u00eda: \u00b7&nbsp;&nbsp;&nbsp;&nbsp;&nbsp;&nbsp;&nbsp;&nbsp;&nbsp;Situaci\u00f3n Industrial \u00b7&nbsp;&nbsp;&nbsp;&nbsp;&nbsp;&nbsp;&nbsp;&nbsp;&nbsp;VI Convenio Colectivo \u00b7\u00a0\u00a0\u00a0\u00a0\u00a0\u00a0\u00a0\u00a0\u00a0Preguntas y Respuestas En la Sesi\u00f3n de Comunicaci\u00f3n intervendr\u00e1n Francisco J. &#8230; <a title=\"Sesi\u00f3n de Comunicaci\u00f3n para afiliad@s a CCOO.\" class=\"read-more\" href=\"https:\/\/ccoo.app\/airbus\/sesion-de-comunicacion-para-afiliads-a-ccoo\/\" aria-label=\"Leer m\u00e1s sobre Sesi\u00f3n de Comunicaci\u00f3n para afiliad@s a CCOO.\">Leer m\u00e1s<\/a><\/p>\n","protected":false},"author":33,"featured_media":0,"comment_status":"closed","ping_status":"closed","sticky":false,"template":"","format":"standard","meta":{"footnotes":""},"categories":[15,22,29,40,47,60,66,73],"tags":[79],"class_list":["post-3155","post","type-post","status-publish","format-standard","hentry","category-albacete-push","category-barajas-push","category-cbc-push","category-getafe-push","category-illescas-push","category-puertoreal-push","category-sanpablo-push","category-tablada-push","tag-airbus","generate-columns","tablet-grid-50","mobile-grid-100","grid-parent","grid-33"],"_links":{"self":[{"href":"https:\/\/ccoo.app\/airbus\/wp-json\/wp\/v2\/posts\/3155","targetHints":{"allow":["GET"]}}],"collection":[{"href":"https:\/\/ccoo.app\/airbus\/wp-json\/wp\/v2\/posts"}],"about":[{"href":"https:\/\/ccoo.app\/airbus\/wp-json\/wp\/v2\/types\/post"}],"author":[{"embeddable":true,"href":"https:\/\/ccoo.app\/airbus\/wp-json\/wp\/v2\/users\/33"}],"replies":[{"embeddable":true,"href":"https:\/\/ccoo.app\/airbus\/wp-json\/wp\/v2\/comments?post=3155"}],"version-history":[{"count":1,"href":"https:\/\/ccoo.app\/airbus\/wp-json\/wp\/v2\/posts\/3155\/revisions"}],"predecessor-version":[{"id":3156,"href":"https:\/\/ccoo.app\/airbus\/wp-json\/wp\/v2\/posts\/3155\/revisions\/3156"}],"wp:attachment":[{"href":"https:\/\/ccoo.app\/airbus\/wp-json\/wp\/v2\/media?parent=3155"}],"wp:term":[{"taxonomy":"category","embeddable":true,"href":"https:\/\/ccoo.app\/airbus\/wp-json\/wp\/v2\/categories?post=3155"},{"taxonomy":"post_tag","embeddable":true,"href":"https:\/\/ccoo.app\/airbus\/wp-json\/wp\/v2\/tags?post=3155"}],"curies":[{"name":"wp","href":"https:\/\/api.w.org\/{rel}","templated":true}]}}