{"id":1246,"date":"2020-04-28T14:20:59","date_gmt":"2020-04-28T12:20:59","guid":{"rendered":"https:\/\/ccoo.app\/airbus\/?p=1246"},"modified":"2023-12-01T14:50:43","modified_gmt":"2023-12-01T13:50:43","slug":"interempresas-comunicados","status":"publish","type":"post","link":"https:\/\/ccoo.app\/airbus\/interempresas-comunicados\/","title":{"rendered":"Interempresas CCOO Comunicados"},"content":{"rendered":"\n<p> 01-12-2023 <a href=\"https:\/\/ccoo.app\/airbus\/francisco-san-jose-continuara-al-frente-de-las-ccoo-en-airbus-han-sido-cuatro-anos-dificiles-y-muy-gratificantes\/\" class=\"ek-link\">Francisco San Jos\u00e9 continuar\u00e1 al frente de las CCOO en Airbus<\/a><\/p>\n\n\n\n<p><a href=\"https:\/\/ccoo.app\/airbus\/reflexion\/\" class=\"ek-link\">08-11-2023 <strong>REFLEXI\u00d3N&nbsp;CONSTITUCI\u00d3N DEL COMIT\u00c9 INTEREMPRESAS<\/strong> <strong>Y DE LOS COMIT\u00c9S DE EMPRESA&nbsp;<\/strong><\/a><\/p>\n\n\n\n<p><a href=\"https:\/\/ccoo.app\/airbus\/reduccion-tributaria-en-la-pension-de-jubilacion-para-empleados-que-cotizaron-la-mutualidad\/\" class=\"ek-link\">02-11-2023 <strong>REDUCCI\u00d3N TRIBUTARIA EN LA PENSI\u00d3N DE JUBILACI\u00d3N&nbsp;<\/strong><\/a><\/p>\n\n\n\n<p><a href=\"https:\/\/ccoo.app\/airbus\/ccoo-medidas-contra-el-absentismo\/\" class=\"ek-link\">23-10-2023 CCOO MEDIDAS CONTRA EL ABSENTISMO<\/a><\/p>\n\n\n\n<p><a href=\"https:\/\/ccoo.app\/airbus\/ccoo-informa\/\" class=\"ek-link\">19-10-2023 <strong>ACUERDO&nbsp; ALCANZADO LEY DE FAMILIAS&nbsp;<\/strong><\/a><\/p>\n\n\n\n<p><a href=\"https:\/\/ccoo.app\/airbus\/wp-content\/blogs.dir\/6\/files\/sites\/56\/2023\/10\/231017-comunicado-junta-portavoces.pdf\" class=\"ek-link\">17-10-2023 Reuni\u00f3n Junta de Portavoces &#8211; Direcci\u00f3n<\/a><\/p>\n\n\n\n<p> <a href=\"https:\/\/ccoo.app\/airbus\/wp-content\/blogs.dir\/6\/files\/sites\/56\/2023\/10\/231006-ejecutiva-interempresas-ccoo.pdf\" class=\"ek-link\">06-10-2023 Informaci\u00f3n Secci\u00f3n Sindical Interempresas CCOO AIRBUS<\/a><\/p>\n\n\n\n<p><a href=\"https:\/\/ccoo.app\/airbus\/wp-content\/blogs.dir\/6\/files\/sites\/56\/2023\/10\/231010-ley-de-familias.pdf\" class=\"ek-link\">06-10-2023 Ley de Familias<\/a><\/p>\n\n\n\n<p><a href=\"https:\/\/ccoo.app\/airbus\/wp-content\/blogs.dir\/6\/files\/sites\/56\/2023\/10\/informacion-integra.pdf\" class=\"ek-link\">06-10-2023 Informaci\u00f3n Integra 2023<\/a><\/p>\n\n\n\n<p><a href=\"https:\/\/ccoo.app\/airbus\/wp-content\/blogs.dir\/6\/files\/sites\/56\/2023\/09\/230908-lamentable-y-vergonzoso-1.pdf\" class=\"ek-link\">08-09-2023 LAMENTABLE Y VERGONZOSO&nbsp; LAS COMUNICACIONES DE SIPA<\/a><\/p>\n\n\n\n<p><a href=\"https:\/\/ccoo.app\/airbus\/balance-2019-2023\/\" class=\"ek-link\">05-09-2023 Balance 2019-2023 CCOO Airbus <\/a><\/p>\n\n\n\n<p><a href=\"https:\/\/ccoo.app\/airbus\/si-eres-tecnico-te-interesa\/\" class=\"ek-link\">15-06-2023 SI ERES&nbsp;T\u00c9CNICO, ESTO TE INTERESA.<\/a><\/p>\n\n\n\n<p><a href=\"https:\/\/ccoo.app\/airbus\/proceso-revision-salarial-extraordinario-2023\/\" class=\"ek-link\"> 13-06-2023 PROCESO REVISI\u00d3N SALARIAL EXTRAORDINARIO 2023&nbsp;<\/a><\/p>\n\n\n\n<p><a href=\"https:\/\/ccoo.app\/airbus\/plan-de-igualdad-comite-interempresas\/\" class=\"ek-link\"> 09-06-2023 PLAN DE IGUALDAD COMIT\u00c9 INTEREMPRESAS<\/a><\/p>\n\n\n\n<p><a href=\"https:\/\/ccoo.app\/airbus\/valoracion-e-informacion-procedimental\/\" class=\"ek-link\">09-06-2023 Valoraci\u00f3n e informaci\u00f3n procedimental ( Contrato de Relevo).<\/a><\/p>\n\n\n\n<p><a href=\"https:\/\/ccoo.app\/airbus\/comite-interempresas-9\/\" class=\"ek-link\">08-06-2023 Adhesi\u00f3n a la jubilaci\u00f3n, adjuntamos formulario elaborado por la Direcci\u00f3n de la Empresa.&nbsp;<\/a><\/p>\n\n\n\n<p><a href=\"https:\/\/ccoo.app\/airbus\/comite-interempresas-8\/\" class=\"ek-link\">07-06-2023 <strong>Comisi\u00f3n Central de Empleo y Previsi\u00f3n Social sobre el contrato de relevo\/jubilaci\u00f3n parcial as\u00ed como un cuadro explicativo del c\u00e1lculo del c\u00f3mputo de las 400 horas para aquellos que se acojan al plan.<\/strong><\/a><\/p>\n\n\n\n<p><a href=\"https:\/\/ccoo.app\/airbus\/revision-salarial-extraordinaria-en-airbus-espana\/\" class=\"ek-link\">05-06-2023 REVISI\u00d3N SALARIAL EXTRAORDINARIA EN AIRBUS ESPA\u00d1A<\/a><\/p>\n\n\n\n<p><a href=\"https:\/\/ccoo.app\/airbus\/situacion-contrato-de-relevo\/\" class=\"ek-link\">24-05-2023 Situaci\u00f3n Contrato de Relevo<\/a><\/p>\n\n\n\n<p> <a href=\"https:\/\/ccoo.app\/airbus\/wp-content\/blogs.dir\/6\/files\/sites\/56\/2023\/06\/230522-no-todo-vale.pdf\" class=\"ek-link\">22-05-2023 No todo vale<\/a><\/p>\n\n\n\n<p><a href=\"https:\/\/ccoo.app\/airbus\/wp-content\/blogs.dir\/6\/files\/sites\/56\/2023\/05\/230522-paga-de-beneficios.pdf\" class=\"ek-link\">22-05-2023 PAGA DE BENEFICIOS 2022<\/a><\/p>\n\n\n\n<p><a href=\"https:\/\/ccoo.app\/airbus\/wp-content\/blogs.dir\/6\/files\/sites\/56\/2023\/05\/tec.pdf\" class=\"ek-link\">19-05-2023 Si eres t\u00e9cnico, esto te interesa.<\/a><\/p>\n\n\n\n<p><a href=\"http:\/\/NUESTRA POSICI\u00d3N EN LA ACTUAL SITUACI\u00d3N\" class=\"ek-link\">17-05-2023 NUESTRA POSICI\u00d3N EN LA ACTUAL SITUACI\u00d3N<\/a><\/p>\n\n\n\n<p>12-05-2023 Becas hijos \/hijas de empleados Airbus 22\/23<\/p>\n\n\n\n<p><strong><u><a href=\"https:\/\/ccoo.app\/airbus\/wp-content\/blogs.dir\/6\/files\/sites\/56\/2023\/05\/tabla-salarial-2023.pdf\" class=\"ek-link\">04-05-2023 TABLAS SALARIALES INCREMENTO 2023<\/a><\/u><\/strong><\/p>\n\n\n\n<p><a href=\"https:\/\/ccoo.app\/airbus\/wp-content\/blogs.dir\/6\/files\/sites\/56\/2023\/04\/230421-resultados-referendum-pre-acuerdo-revision-salarial.pdf\" class=\"ek-link\"> 20-04-2023 RESULTADOS REFERENDUM CCOO SOBRE EL PRE-ACUERDO DE REVISI\u00d3N SALARIAL ALCANZADO EL D\u00cdA 19 DE ABRIL 2023 CON LA DIRECCI\u00d3N DE AIRBUS<\/a><\/p>\n\n\n\n<p>20-04-2023REVISI\u00d3N SALARIAL EN AIRBUS <a href=\"https:\/\/ccoo.app\/airbus\/wp-content\/blogs.dir\/6\/files\/sites\/56\/2023\/04\/230420-valoracion-revision-salarial-ccoo-1.pdf\" class=\"ek-link\">Valoraci\u00f3n Revisi\u00f3n Salarial CCOO<\/a><\/p>\n\n\n\n<p><a href=\"https:\/\/www.youtube.com\/watch?v=R55tWm2O4JA\" class=\"ek-link\">20-04-2023 Subida Salarial Airbus Video<\/a><\/p>\n\n\n\n<p><a href=\"https:\/\/ccoo.app\/airbus\/wp-content\/blogs.dir\/6\/files\/sites\/56\/2023\/04\/230419-pre-acuerdo-salarial.pdf\" class=\"ek-link\">19-04-2023 PRE-ACUERDO SALARIAL ALCANZADO EN AIRBUS&nbsp;<\/a><\/p>\n\n\n\n<p><a href=\"https:\/\/ccoo.app\/airbus\/wp-content\/blogs.dir\/6\/files\/sites\/56\/2023\/03\/estado-y-situacion-de-las-negociaciones-31-03-23.pdf\" class=\"ek-link\">31-03-2023 Situacion de las negociaciones 31-03-23.<\/a><\/p>\n\n\n\n<p><a href=\"https:\/\/ccoo.app\/airbus\/wp-content\/blogs.dir\/6\/files\/sites\/56\/2023\/03\/22.png\" class=\"ek-link\">22-03-2023 Teletrabajo Implementado.<\/a><\/p>\n\n\n\n<p><a href=\"https:\/\/ccoo.app\/airbus\/wp-content\/blogs.dir\/6\/files\/sites\/56\/2023\/03\/230317-muy-poca-verguenza.pdf\" class=\"ek-link\">17-03-2023 MUY POCA VERG\u00dcENZA <\/a><strong>EN CCOO NO VAMOS A LEGITIMAR NUNCA LA MENTIRA<\/strong><\/p>\n\n\n\n<p><a href=\"https:\/\/ccoo.app\/airbus\/wp-content\/blogs.dir\/6\/files\/sites\/56\/2023\/03\/230316-punto-exacto-de-las-negociaciones.pdf\" class=\"ek-link\">16-03-2323 PUNTO EXACTO EN EL QUE SE ENCUENTRAN LAS NEGOCIACIONES<\/a><\/p>\n\n\n\n<p><a href=\"https:\/\/ccoo.app\/airbus\/wp-content\/blogs.dir\/6\/files\/sites\/56\/2023\/03\/230315-las-manipulaciones-de-sipa-1.pdf\" class=\"ek-link\">15-03-2023 LAS MANIPULACIONES DE SIPASupuesta garant\u00eda del IPC del anterior V Convenio Colectivo<\/a><\/p>\n\n\n\n<p><a href=\"https:\/\/ccoo.app\/airbus\/wp-content\/blogs.dir\/6\/files\/sites\/56\/2023\/03\/interempresas.pdf\" class=\"ek-link\"> 07-03-2023 8M D\u00eda Internacional de la Mujer  La Igualdad es un Plan que Funciona<\/a><\/p>\n\n\n\n<p><a href=\"https:\/\/ccoo.app\/airbus\/wp-content\/blogs.dir\/6\/files\/sites\/56\/2023\/03\/230306-100-aniversario.pdf\" class=\"ek-link\">06-03-2023 CIEN ANIVERSARIO DE LA FUNDACI\u00d3N DE CASA<\/a><\/p>\n\n\n\n<p><a href=\"https:\/\/ccoo.app\/airbus\/wp-content\/blogs.dir\/6\/files\/sites\/56\/2023\/03\/230303-contestacion-a-la-direccion.pdf\" class=\"ek-link\">03-03-2023 CONTESTACI\u00d3N A LA DIRECCI\u00d3N&nbsp;<\/a><\/p>\n\n\n\n<p><a href=\"https:\/\/ccoo.app\/airbus\/wp-content\/blogs.dir\/6\/files\/sites\/56\/2023\/03\/230302-donde-estamos-unos-y-donde-no-estan-otros-paga-de-beneficios-1.pdf\" class=\"ek-link\">02-03-2023 DONDE ESTAMOS UNOS Y DONDE NO EST\u00c1N OTROS PAGA DE BENEFICIOS<\/a><\/p>\n\n\n\n<p><a href=\"https:\/\/ccoo.app\/airbus\/wp-content\/blogs.dir\/6\/files\/sites\/56\/2023\/03\/230302-ni-estan-ni-se-les-espera.pdf\" class=\"ek-link\">01-03-2023 OS SEGUIMOS ESPERANDO\u2013 NI EST\u00c1N, NI SE LES ESPERA<\/a><\/p>\n\n\n\n<p>22-02-2023 <a href=\"https:\/\/ccoo.app\/airbus\/wp-content\/blogs.dir\/6\/files\/sites\/56\/2023\/02\/1-correo-de-airbus-reunion-comite-de-huelga-con-la-direccion-22-febrero-2023.pdf\" class=\"ek-link\">Reuni\u00f3n Comit\u00e9 de Huelga con la Direcci\u00f3n (22-febrero-2023)<\/a><\/p>\n\n\n\n<p><a href=\"https:\/\/ccoo.app\/airbus\/wp-content\/blogs.dir\/6\/files\/sites\/56\/2023\/02\/230214-ccoo-ugt-aire-atp-reflexiones-en-la-actual-posicion.pdf\" class=\"ek-link\">14-02-2023 CCOO UGT-Aire ATP.SAe<br>REFLEXIONES EN LA ACTUAL POSICI\u00d3N<\/a><\/p>\n\n\n\n<p><a href=\"https:\/\/ccoo.app\/airbus\/wp-content\/blogs.dir\/6\/files\/sites\/56\/2023\/02\/reunion-comite-de-huelga-9-febrero-23.pdf\" class=\"ek-link\">09-02-2023  REUNI\u00d3N DEL COMIT\u00c9 DE HUELGA CON LA DIRECCI\u00d3N (09-<br>FEB-2023)<\/a><\/p>\n\n\n\n<p><a href=\"https:\/\/ccoo.app\/airbus\/wp-content\/blogs.dir\/6\/files\/sites\/56\/2023\/01\/230117-reunion-comite-de-huelga.pdf\" class=\"ek-link\">17-01-2023 Reuni\u00f3n Comit\u00e9 de Huelga<\/a><\/p>\n\n\n\n<p><a href=\"https:\/\/ccoo.app\/airbus\/wp-content\/blogs.dir\/6\/files\/sites\/56\/2023\/01\/230113-acta-comision-vigilancia-convenio.pdf\" class=\"ek-link\">13-01-2023 Comisi\u00f3n de Vigilancia<\/a><\/p>\n\n\n\n<p><a href=\"https:\/\/ccoo.app\/airbus\/wp-content\/blogs.dir\/6\/files\/sites\/56\/2023\/01\/230113-gestion-y-control-de-partes-por-incapacidad-temporal.pdf\" class=\"ek-link\">13-01-2023 Gesti\u00f3n y control de partes por incapacidad temporal<\/a><\/p>\n\n\n\n<p><a href=\"https:\/\/ccoo.app\/airbus\/wp-content\/blogs.dir\/6\/files\/sites\/56\/2022\/12\/contestaciondelcomitedehuelga.pdf\" class=\"ek-link\">09-12-2022 Contestaci\u00f3n del comit\u00e9 de huelga<\/a><\/p>\n\n\n\n<p><a href=\"https:\/\/ccoo.app\/airbus\/wp-content\/blogs.dir\/6\/files\/sites\/56\/2022\/12\/comunicado-2-12-23-1.pdf\" class=\"ek-link\">02-12-2022 Comunicado 2-12-22<\/a><\/p>\n\n\n\n<p><a href=\"https:\/\/ccoo.app\/airbus\/wp-content\/blogs.dir\/6\/files\/sites\/56\/2022\/11\/221124-analisis-sobre-situacion-economica.pdf\" class=\"ek-link\">22-11-2022 AN\u00c1LISIS SOBRE SITUACI\u00d3N ECON\u00d3MICA<\/a><\/p>\n\n\n\n<p><a href=\"https:\/\/ccoo.app\/airbus\/wp-content\/blogs.dir\/6\/files\/sites\/56\/2022\/11\/221124-manifiesto-c--huelga.pdf\" class=\"ek-link\">24-11-2022 Manifiesto C. Huelga<\/a><\/p>\n\n\n\n<p><a href=\"https:\/\/ccoo.app\/airbus\/wp-content\/blogs.dir\/6\/files\/sites\/56\/2022\/11\/comite-de-huelga-informacion-reunion-con-la-direccion-10-de-noviembre.pdf\" class=\"ek-link\">12-11-2022 Comit\u00e9 de Huelga<\/a><\/p>\n\n\n\n<p><a href=\"https:\/\/ccoo.app\/airbus\/wp-content\/blogs.dir\/6\/files\/sites\/56\/2022\/11\/valoracion-comite-de-huelga.pdf\" class=\"ek-link\">11-11-2022 Valoraci\u00f3n comit\u00e9 de Huelga<\/a><\/p>\n\n\n\n<p><a href=\"https:\/\/ccoo.app\/airbus\/wp-content\/blogs.dir\/6\/files\/sites\/56\/2022\/11\/comunicado-04-11-2022.pdf\" class=\"ek-link\">04-11-2022Seguimiento de la huelga  viernes 4nov<\/a><\/p>\n\n\n\n<p><a href=\"https:\/\/ccoo.app\/airbus\/wp-content\/blogs.dir\/6\/files\/sites\/56\/2022\/11\/vosotrs-sois-airbus.pdf\" class=\"ek-link\">04-11-2022 VOSOTR@S SOIS AIRBUS<\/a><\/p>\n\n\n\n<p><a href=\"https:\/\/ccoo.app\/airbus\/wp-content\/blogs.dir\/6\/files\/sites\/56\/2022\/11\/airbus-021122.pdf\" class=\"ek-link\">02-11-2022 Huelga ejemplar, sin incidentes<\/a><\/p>\n\n\n\n<p><a href=\"https:\/\/ccoo.app\/airbus\/wp-content\/blogs.dir\/6\/files\/sites\/56\/2022\/11\/huelga_por_que_ccoo.pdf\" class=\"ek-link\">01-11-22 \u00bf\u00bf\u00bfHUELGA??? \u00bf\u00bfPOR QUE??<\/a><\/p>\n\n\n\n<p><a href=\"https:\/\/ccoo.app\/airbus\/wp-content\/blogs.dir\/6\/files\/sites\/56\/2022\/11\/comunicado011122.pdf\" class=\"ek-link\">01-11-22 Teletrabajo en Huelga<\/a><\/p>\n\n\n\n<p><a href=\"https:\/\/ccoo.app\/airbus\/wp-content\/blogs.dir\/6\/files\/sites\/56\/2022\/10\/comunicado-comite-interempresas-21-10-2022-.pdf\" class=\"ek-link\">24-10-2022 MEDIDAS APROBADAS EN EL COMIT\u00c9 INTEREMPRESAS POR MAYOR\u00cdA DE CCOO, UGT, ATP Y CGT<\/a><\/p>\n\n\n\n<p><a href=\"https:\/\/ccoo.app\/airbus\/wp-content\/blogs.dir\/6\/files\/sites\/56\/2022\/10\/221017-aclarando-conceptos.pdf\" class=\"ek-link\">17-10-2022 ACLARANDO CONCEPTOS<\/a><\/p>\n\n\n\n<p><a href=\"https:\/\/ccoo.app\/airbus\/wp-content\/blogs.dir\/6\/files\/sites\/56\/2022\/10\/221007-proyecto-industrial-de-cadiz.pdf\" class=\"ek-link\">07-10-2022 PROYECTO INDUSTRIAL DE C\u00c1DIZ<\/a><\/p>\n\n\n\n<p><a href=\"https:\/\/ccoo.app\/airbus\/wp-content\/blogs.dir\/6\/files\/sites\/56\/2022\/10\/221005-vision-2030-ahe.pdf\" class=\"ek-link\">06-10-2022 VISION 2030 AHE<\/a><\/p>\n\n\n\n<p><a href=\"https:\/\/ccoo.app\/airbus\/wp-content\/blogs.dir\/6\/files\/sites\/56\/2022\/09\/220930-ccoo-y-ugt-por-la-revision-salarial-en-airbus-.pdf\" class=\"ek-link\">30-09-2022 CCOO y UGT por la Revisi\u00f3n Salarial en Airbus<\/a><\/p>\n\n\n\n<p><a href=\"https:\/\/ccoo.app\/airbus\/wp-content\/blogs.dir\/6\/files\/sites\/56\/2022\/09\/220926-vision-2030-ads.pdf\" class=\"ek-link\">27-09-2022 VISION 2030 ADS<\/a><\/p>\n\n\n\n<p><a href=\"https:\/\/ccoo.app\/airbus\/wp-content\/blogs.dir\/6\/files\/sites\/56\/2022\/09\/220922-teletrabajo-el-computo-de-horas-es-trimestral.pdf\" class=\"ek-link\">23-09-2022 Teletrabajo. El computo de horas es trimestral<\/a><\/p>\n\n\n\n<p><a href=\"https:\/\/ccoo.app\/airbus\/wp-content\/blogs.dir\/6\/files\/sites\/56\/2022\/09\/quien-rompe-la-unidad.pdf\" class=\"ek-link\">20-09-2022  \u00bfQui\u00e9n rompe la unidad?<\/a><\/p>\n\n\n\n<p><a href=\"https:\/\/ccoo.app\/airbus\/wp-content\/blogs.dir\/6\/files\/sites\/56\/2022\/09\/220921-revision-salarial-ii.pdf\" class=\"ek-link\">20-09-2022 Revisi\u00f3n Salarial II<\/a><\/p>\n\n\n\n<p><a href=\"https:\/\/ccoo.app\/airbus\/wp-content\/blogs.dir\/6\/files\/sites\/56\/2022\/09\/220916-comunicado-sobre-revisioin-salarial.pdf\" class=\"ek-link\">19-09-2022 Comunicado sobre revisi\u00f3n salarial<\/a><\/p>\n\n\n\n<p><a href=\"https:\/\/ccoo.app\/airbus\/wp-content\/blogs.dir\/6\/files\/sites\/56\/2022\/09\/acta-acuerdo-16-12-2021.pdf\" class=\"ek-link\">13-06-2022 Acta.Acuerdo.16.12.2021<\/a><\/p>\n\n\n\n<p><a href=\"https:\/\/ccoo.app\/airbus\/wp-content\/blogs.dir\/6\/files\/sites\/56\/2022\/09\/220610-acta-comision-vigilancia-de-convenio.pdf\" class=\"ek-link\">13-06-2022 Acta Comisi\u00f3n Vigilancia de Convenio<\/a><\/p>\n\n\n\n<p><a href=\"https:\/\/ccoo.app\/airbus\/wp-content\/blogs.dir\/6\/files\/sites\/56\/2022\/09\/220913-revision-salarial.pdf\" class=\"ek-link\">13-09-2022 Revisi\u00f3n Salarial<\/a><\/p>\n\n\n\n<p><a href=\"https:\/\/ccoo.app\/airbus\/wp-content\/blogs.dir\/6\/files\/sites\/56\/2022\/09\/unnamed.pdf\" class=\"ek-link\">12-09-2022 Situaci\u00f3n escuelas infantiles<\/a><\/p>\n\n\n\n<p><a href=\"https:\/\/ccoo.app\/airbus\/wp-content\/blogs.dir\/6\/files\/sites\/56\/2022\/07\/220721-vision-2030.pdf\" class=\"ek-link\">21-06-2022 VISION 2030<\/a><\/p>\n\n\n\n<p><a href=\"https:\/\/ccoo.app\/airbus\/wp-content\/blogs.dir\/6\/files\/sites\/56\/2022\/07\/220705-tramitacion_erte.pdf\" class=\"ek-link\">05-06-2022 Tramitaci\u00f3n ERTE<\/a><\/p>\n\n\n\n<p><a href=\"https:\/\/ccoo.app\/airbus\/wp-content\/blogs.dir\/6\/files\/sites\/56\/2022\/06\/220615-reflexiones-tras-la-reunion-de-la-ejecutiva-y-el-consejo-interempresas-ccoo.pdf\" class=\"ek-link\">20-06-2022 Reflexiones tras la Reuni\u00f3n de la Ejecutiva y el Consejo Interempresas CCOO<\/a><\/p>\n\n\n\n<p><a href=\"https:\/\/ccoo.app\/airbus\/wp-content\/blogs.dir\/6\/files\/sites\/56\/2022\/06\/220614-valoracion-constitucion-comision-vigilancia-vi-cc-por-ccoo-y-ugt-aire-.pdf\" class=\"ek-link\">14-06-2022 Valoraci\u00f3n Constituci\u00f3n Comisi\u00f3n Vigilancia VI CC por CCOO y UGT-AIRE<\/a><\/p>\n\n\n\n<p><a href=\"https:\/\/ccoo.app\/airbus\/wp-content\/blogs.dir\/6\/files\/sites\/56\/2022\/06\/220603-de-junio-dia-del-medio-ambiente.pdf\" class=\"ek-link\">03-06-2022 3 de junio D\u00eda del Medio Ambiente<\/a><\/p>\n\n\n\n<p><a href=\"https:\/\/ccoo.app\/airbus\/wp-content\/blogs.dir\/6\/files\/sites\/56\/2022\/06\/220530-paga-beneficios-2021-1.pdf\" class=\"ek-link\">01-06-2022 Paga Beneficios 2021 (1)<\/a><\/p>\n\n\n\n<p><a href=\"https:\/\/ccoo.app\/airbus\/wp-content\/blogs.dir\/6\/files\/sites\/56\/2022\/06\/220601-teletrabajo-y-desconexion-digital-.pdf\" class=\"ek-link\">01-06-2022 Teletrabajo y Desconexi\u00f3n Digital<\/a><\/p>\n\n\n\n<p><a href=\"https:\/\/ccoo.app\/airbus\/wp-content\/blogs.dir\/6\/files\/sites\/56\/2022\/05\/220429-procesos-salariales-2022.pdf\" class=\"ek-link\">03-05-2022 Procesos Salariales 2022<\/a><\/p>\n\n\n\n<p><a href=\"https:\/\/ccoo.app\/airbus\/wp-content\/blogs.dir\/6\/files\/sites\/56\/2022\/04\/220428-comite-seguridad-y-salud-laboral-eliminacion-restricciones-covid.pdf\" class=\"ek-link\">28-04-2022 Comit\u00e9 Seguridad y Salud Laboral Eliminaci\u00f3n Restricciones COVID<\/a><\/p>\n\n\n\n<p><a href=\"https:\/\/ccoo.app\/airbus\/wp-content\/blogs.dir\/6\/files\/sites\/56\/2022\/04\/220407-informacion-erte-aosl-1.pdf\" class=\"ek-link\">08-04-2022 Informaci\u00f3n ERTE AOSL (1)<\/a><\/p>\n\n\n\n<p><a href=\"https:\/\/ccoo.app\/airbus\/wp-content\/blogs.dir\/6\/files\/sites\/56\/2022\/04\/220406-informacion-plan-empleo.pdf\" class=\"ek-link\">07-04-2022 Informaci\u00f3n Plan de Empleo<\/a><\/p>\n\n\n\n<p><a href=\"https:\/\/ccoo.app\/airbus\/wp-content\/blogs.dir\/6\/files\/sites\/56\/2022\/03\/220325-futuro-de-las-actividades-industriales-de-airbus-en-cadiz.pdf\" class=\"ek-link\">28-03-2022 Futuro de las actividades industriales de AIRBUS en C\u00e1diz<\/a><\/p>\n\n\n\n<p><a href=\"https:\/\/ccoo.app\/airbus\/wp-content\/blogs.dir\/6\/files\/sites\/56\/2022\/03\/220310-quien-se-beneficia-de-la-mentira-politica-salarial.pdf\" class=\"ek-link\">10-03-2022 \u00bfQui\u00e9n se beneficia de la mentira? Pol\u00edtica salaria<\/a>l<\/p>\n\n\n\n<p><a href=\"https:\/\/ccoo.app\/airbus\/wp-content\/blogs.dir\/6\/files\/sites\/56\/2022\/02\/nomina-febrero.pdf\" class=\"ek-link\">16-02-2022 Nomina de febrero<\/a><\/p>\n\n\n\n<p><a href=\"https:\/\/ccoo.app\/airbus\/wp-content\/blogs.dir\/6\/files\/sites\/56\/2022\/02\/unnamed.pdf\" class=\"ek-link\">14-02-2022 Plan de desvinculaciones<\/a><\/p>\n\n\n\n<p>14-02-2022 <a href=\"https:\/\/ccoo.app\/airbus\/wp-content\/blogs.dir\/6\/files\/sites\/56\/2022\/02\/220211-reunion-ccoo-ugt-aire-y-direccion-airbus.pdf\" class=\"ek-link\">Reuni\u00f3n CCOO UGT Aire y Direcci\u00f3n AIRBUS<\/a><\/p>\n\n\n\n<p><a href=\"https:\/\/ccoo.app\/airbus\/wp-content\/blogs.dir\/6\/files\/sites\/56\/2022\/01\/220127-cuestion-de-matices-iii-teletrabajo.pdf\" class=\"ek-link\">28-01-2022 Cuesti\u00f3n de matices III<\/a><\/p>\n\n\n\n<p><a href=\"https:\/\/ccoo.app\/airbus\/wp-content\/blogs.dir\/6\/files\/sites\/56\/2022\/01\/220124-proceso-politica-salarial-2021-1.pdf\" class=\"ek-link\">24-01-2022 Proceso Pol\u00edtica salarial 2021<\/a><\/p>\n\n\n\n<p><a href=\"https:\/\/ccoo.app\/airbus\/wp-content\/blogs.dir\/6\/files\/sites\/56\/2022\/01\/220121-cuestion-de-prioridades-.pdf\" class=\"ek-link\">21-01-2022 Cuesti\u00f3n de prioridades<\/a><\/p>\n\n\n\n<p><a href=\"https:\/\/ccoo.app\/airbus\/wp-content\/blogs.dir\/6\/files\/sites\/56\/2022\/01\/220120-cuestion-de-matices-ii.pdf\" class=\"ek-link\">21-01-2022 Cuesti\u00f3n de matices II<\/a><\/p>\n\n\n\n<p><a href=\"https:\/\/ccoo.app\/airbus\/wp-content\/blogs.dir\/6\/files\/sites\/56\/2022\/01\/plan-mecuida-comparativa-v4.pdf\" class=\"ek-link\">17-01-2022 Plan mecuida<\/a><\/p>\n\n\n\n<p><a href=\"https:\/\/ccoo.app\/airbus\/wp-content\/blogs.dir\/6\/files\/sites\/56\/2022\/01\/220113-ultima-actualizacion-proyecto-industrial-cadiz.pdf\" class=\"ek-link\">14-01-2022 Actualizaci\u00f3n proyecto industrial C\u00e1diz<\/a><\/p>\n\n\n\n<p><a href=\"https:\/\/ccoo.app\/airbus\/wp-content\/blogs.dir\/6\/files\/sites\/56\/2022\/01\/220112-cuestion-de-matices-1.pdf\" class=\"ek-link\">12-01-2022 Cuesti\u00f3n de matices<\/a><\/p>\n\n\n\n<p><a href=\"https:\/\/ccoo.app\/airbus\/wp-content\/blogs.dir\/6\/files\/sites\/56\/2022\/01\/220111-un-mensaje-de-optimismo-para-el-2022-1.pdf\" class=\"ek-link\">12-01-2022 Un mensaje de optimismo<\/a><\/p>\n\n\n\n<p><a href=\"https:\/\/ccoo.app\/airbus\/wp-content\/blogs.dir\/6\/files\/sites\/56\/2021\/12\/211221-unidos-frente-al-covid.pdf\" class=\"ek-link\">21-12-2021 Unidos frente al COVID<\/a><\/p>\n\n\n\n<p><a href=\"https:\/\/ccoo.app\/airbus\/wp-content\/blogs.dir\/6\/files\/sites\/56\/2021\/12\/211217-responsabilidad-realidades-y-futuro.pdf\" class=\"ek-link\">19-12-2021 Responsabilidad, Realidades y Futuro<\/a><\/p>\n\n\n\n<p><a href=\"https:\/\/ccoo.app\/airbus\/wp-content\/blogs.dir\/6\/files\/sites\/56\/2021\/12\/211201ccoo-ugt-aire-cumpliendo-el-convnio-.pdf\" class=\"ek-link\">01-12-2021 Cumpliendo el Convenio<\/a><\/p>\n\n\n\n<p><a href=\"https:\/\/ccoo.app\/airbus\/wp-content\/blogs.dir\/6\/files\/sites\/56\/2021\/12\/211213-comunicado-seguridad-y-salud-laboral-interempresas.pdf\" class=\"ek-link\">13-12-2021 Salud Laboral Interempresas<\/a><\/p>\n\n\n\n<p><a href=\"https:\/\/ccoo.app\/airbus\/wp-content\/blogs.dir\/6\/files\/sites\/56\/2021\/10\/propuesta-direccion-29092021.pdf\" class=\"ek-link\">04-10-2021 Comunicado Comit\u00e9 Interempresas\/propuesta Direcci\u00f3n 2<\/a><\/p>\n\n\n\n<p>04-10-2021 Comunicado Comit\u00e9 Interempresas\/propuesta Direcci\u00f3n<\/p>\n\n\n\n<p><a href=\"https:\/\/ccoo.app\/airbus\/wp-content\/blogs.dir\/6\/files\/sites\/56\/2021\/09\/210908-valoracion-y-alternativas-de-la-actual-situacion.pdf\" class=\"ek-link\">09-09-2021 Valoraci\u00f3n y alternativas de la actual situaci\u00f3n .<\/a><\/p>\n\n\n\n<p><a href=\"https:\/\/ccoo.app\/airbus\/wp-content\/blogs.dir\/6\/files\/sites\/56\/2021\/09\/210903-comunicado-comite-interempresas.pdf\" class=\"ek-link\">03-09-2021 Reuni\u00f3n Junta de Portavoces.<\/a><\/p>\n\n\n\n<p><a href=\"https:\/\/ccoo.app\/airbus\/wp-content\/blogs.dir\/6\/files\/sites\/56\/2021\/07\/210709-incumplimientos-de-la-direccion-en-materia-de-seguridad-y-salud-laboral.pdf\" class=\"ek-link\">09-07-2021 Incumplimientos de la Direcci\u00f3n en materia de seguridad y salud laboral.<\/a><\/p>\n\n\n\n<p><mark class=\"has-inline-color has-vivid-cyan-blue-color\"><a class=\"rank-math-link\" href=\"https:\/\/ccoo.app\/airbus\/wp-content\/blogs.dir\/6\/files\/sites\/56\/2021\/05\/210512-comunicado-comite-interempresas.pdf\">12-05-2021 Calendario Movilizaciones<\/a><\/mark><\/p>\n\n\n\n<p><a class=\"rank-math-link\" href=\"https:\/\/ccoo.app\/airbus\/wp-content\/blogs.dir\/6\/files\/sites\/56\/2021\/04\/210405-comunicado-comite-interempresas.pdf\"><span class=\"has-inline-color has-vivid-cyan-blue-color\">05-04-2021 Comunicado-comit\u00e9-interempresas. PUERTO REAL NO SE CIERRA<\/span><\/a><\/p>\n\n\n\n<p><a class=\"ek-link\" href=\"https:\/\/ccoo.app\/airbus\/wp-content\/blogs.dir\/6\/files\/sites\/56\/2021\/03\/210309-reflexiones-a-compartir.pdf\"><span class=\"has-inline-color has-vivid-cyan-blue-color\">09-03-2021 Reflexiones a compartir.<\/span><\/a><\/p>\n\n\n\n<p>22-02-2021 <a href=\"http:\/\/ccoo.app\/airbus\/wp-content\/blogs.dir\/6\/files\/sites\/56\/2021\/02\/210222-comunicado-comite-interempresas.pdf\" class=\"ek-link\">Comunicado Comit\u00e9 Interempresas.<\/a><\/p>\n\n\n\n<p><a class=\"ek-link\" href=\"http:\/\/ccoo.app\/airbus\/wp-content\/blogs.dir\/6\/files\/sites\/56\/2021\/02\/210217-comunicado-junta-de-portavoces-c-intermpresas.pdf\"><span class=\"has-inline-color has-vivid-cyan-blue-color\">17-02-2021 Comit\u00e9 Interempresas<\/span><\/a><\/p>\n\n\n<p><span style=\"color: #00ccff\">05-02-2021 CCOO de Industria ratifica el plan de choque para el sector aeron\u00e1utico.<\/span><\/p>\n<p><span style=\"color: #00ccff\">04-02-2021 Comunicado ERTE-AOSL y CBC.<\/span><\/p>\n<p><a href=\"http:\/\/ccoo.app\/airbus\/wp-content\/blogs.dir\/6\/files\/sites\/56\/2021\/02\/paga-de-beneficios-etts.pdf\">02-02-2021 Paga de Beneficios ETTs.<\/a><\/p>\n<p><a href=\"http:\/\/ccoo.app\/airbus\/wp-content\/blogs.dir\/6\/files\/sites\/56\/2021\/02\/becas-airbus2019-2020.pdf\">02-02-2021 Becas-Airbus 2019-2020.<\/a><\/p>\n<p style=\"text-align: left\"><a href=\"http:\/\/ccoo.app\/airbus\/wp-content\/blogs.dir\/6\/files\/sites\/56\/2021\/01\/15-01-2021-situaciontemporal-filomena.pdf\">15-01-2021 Situaci\u00f3n Temporal Filomena.<\/a><\/p>\n<p><a href=\"http:\/\/ccoo.app\/airbus\/wp-content\/blogs.dir\/6\/files\/sites\/56\/2021\/01\/ayuda-para-estudios-19-20-unid.pdf\">15-01-2021 Ayuda para estudios.<\/a><\/p>\n<p><a href=\"http:\/\/ccoo.app\/airbus\/wp-content\/blogs.dir\/6\/files\/sites\/56\/2021\/01\/modelo-solicitud-ayuda-de-estudios-2019-2020.pdf\">Modelo solicitud ayuda de estudios 2019-2020.<\/a><\/p>\n<p><a href=\"http:\/\/ccoo.app\/airbus\/wp-content\/blogs.dir\/6\/files\/sites\/56\/2021\/01\/bases-convocatoria-2019_2020.pdf\">Bases Convocatoria 2019 2020.<\/a><\/p>\n<p><a href=\"http:\/\/ccoo.app\/airbus\/wp-content\/blogs.dir\/6\/files\/sites\/56\/2021\/01\/13-01-2021-situaciontemporalfilomenadocx.pdf\">13-01-2021 Situaci\u00f3n Temporal Filomena.<\/a><\/p>\n<p><a href=\"http:\/\/ccoo.app\/airbus\/wp-content\/blogs.dir\/6\/files\/sites\/56\/2021\/01\/20210112_situaciontemporalfilomena.pdf\">12-01-2021 Situaci\u00f3n Temporal Filomena.<\/a><\/p>\n<p><a href=\"http:\/\/ccoo.app\/airbus\/wp-content\/blogs.dir\/6\/files\/sites\/56\/2021\/01\/20210111situaciontemporalfilomena.pdf\">11-01-2021 Situaci\u00f3n Temporal Filomena.<\/a><\/p>\n<p><a href=\"http:\/\/ccoo.app\/airbus\/wp-content\/blogs.dir\/6\/files\/sites\/56\/2020\/12\/20201221-balance-2020.pdf\">21-12-20 Balance-2020.<\/a><\/p>\n<p><a href=\"http:\/\/ccoo.app\/airbus\/wp-content\/blogs.dir\/6\/files\/sites\/56\/2020\/12\/201218-ccooatp-saesipa-informacion-reunion-c-seguimiento-plan-desvinculaciones-voluntarias.pdf\">16-12-2020 Informaci\u00f3n Reuni\u00f3n C. Seguimiento Plan Desvinculaciones Voluntarias.&nbsp;<\/a><\/p>\n<p><a href=\"http:\/\/ccoo.app\/airbus\/wp-content\/blogs.dir\/6\/files\/sites\/56\/2020\/12\/20201211reunionplanindustrial.pdf\">11-12-2020 Reuni\u00f3n Plan Industrial.<\/a><\/p>\n<p><a href=\"http:\/\/ccoo.app\/airbus\/wp-content\/blogs.dir\/6\/files\/sites\/56\/2020\/12\/201126-desarrollo-disposicion-adicional-tercera-v-convenio-colectivo.pdf\">09-12-2020 Desarrollo Disposici\u00f3n Adicional Tercera V Convenio Colectivo.<\/a><\/p>\n<p><a href=\"http:\/\/ccoo.app\/airbus\/wp-content\/blogs.dir\/6\/files\/sites\/56\/2020\/12\/02-12-2020-comunicado-ccoo-atp-sae-informacion-plan-desvinculaciones-voluntario.pdf\">02-12-2020 Comunicado CCOO-ATP-SAe Informaci\u00f3n Plan Desvinculaciones Voluntario.<\/a><\/p>\n<p><a href=\"http:\/\/ccoo.app\/airbus\/wp-content\/blogs.dir\/6\/files\/sites\/56\/2020\/12\/201130-es-una-decision-dificil.pdf\">30-11-2020 Es una decisi\u00f3n Dif\u00edcil.<\/a><\/p>\n<p><a href=\"http:\/\/ccoo.app\/airbus\/wp-content\/blogs.dir\/6\/files\/sites\/56\/2020\/11\/201123ccooatpsipa-plan-industrial-.jpg\">&nbsp;23-11-2020 Comunicado Plan Industrial<\/a><\/p>\n<p><a href=\"http:\/\/ccoo.app\/airbus\/wp-content\/blogs.dir\/6\/files\/sites\/56\/2020\/11\/draft_erte_2021.pdf\">ERTE 2020-2021.<\/a><\/p>\n<p><a href=\"http:\/\/ccoo.app\/airbus\/wp-content\/blogs.dir\/6\/files\/sites\/56\/2020\/11\/comunicado_erte_aosl.pdf\">15-11-2020 Comunicado_ERTE_AOSL.<\/a><\/p>\n<p><a href=\"http:\/\/ccoo.app\/airbus\/wp-content\/blogs.dir\/6\/files\/sites\/56\/2020\/10\/201026-acuerdo-pdv.pdf\">26-10-2020 Comunicado Acuerdo Plan de Desvinculaciones Voluntarias.<\/a><\/p>\n<p><a href=\"http:\/\/ccoo.app\/airbus\/wp-content\/blogs.dir\/6\/files\/sites\/56\/2020\/10\/16-10-20-comunicado-comite-interempresas.pdf\">16-10-20 COMUNICADO COMITE INTEREMPRESAS.<\/a><\/p>\n<p><a href=\"http:\/\/ccoo.app\/airbus\/wp-content\/blogs.dir\/6\/files\/sites\/56\/2020\/10\/14-10-20-comunicado-comite-interempresas.pdf\">14-10-20 Comunicado Comit\u00e9 Interempresas<\/a><\/p>\n<p><a href=\"http:\/\/ccoo.app\/airbus\/wp-content\/blogs.dir\/6\/files\/sites\/56\/2020\/10\/05-10-2020-se-wc-opinion-v3_es.pdf\">05-10-2020-SE-WC-Opini\u00f3n-V3_ES.<\/a><\/p>\n<p><a href=\"http:\/\/ccoo.app\/airbus\/wp-content\/blogs.dir\/6\/files\/sites\/56\/2020\/10\/30-09-2020-comunicado-comision-central-de-empleo.pdf\">30-09-2020 Comisi\u00f3n Central de Empleo<\/a><\/p>\n<p><a href=\"http:\/\/ccoo.app\/airbus\/wp-content\/blogs.dir\/6\/files\/sites\/56\/2020\/09\/20200923_sewc_odyssey_declaracion_es.pdf\">Declaraci\u00f3n de CE-SE 22-23 septiembre de 2020<\/a><\/p>\n<p><a href=\"http:\/\/ccoo.app\/airbus\/wp-content\/blogs.dir\/6\/files\/sites\/56\/2020\/09\/17-09-2020-informacion-comite-interempresas.pdf\">17-09-2020 Informaci\u00f3n Comit\u00e9 Interempresas.<\/a><\/p>\n<p><a href=\"http:\/\/ccoo.app\/airbus\/wp-content\/blogs.dir\/6\/files\/sites\/56\/2020\/09\/200908-comunicado-junta-de-portavoces-030920-1-1.pdf\">08-09-2020 Junta de Portavoces&nbsp;<\/a><\/p>\n<p><a href=\"http:\/\/ccoo.app\/airbus\/wp-content\/blogs.dir\/6\/files\/sites\/56\/2020\/07\/200713-reunion-junta-portavoces-10-julio-2020-1.pdf\">10-07-2020 Reuni\u00f3n Junta Portavoces&nbsp;<\/a><\/p>\n<p><a href=\"http:\/\/ccoo.app\/airbus\/wp-content\/blogs.dir\/6\/files\/sites\/56\/2020\/07\/200710-hoja-de-ruta-y-proximas-movilizaciones.pdf\">10-07-2020 Hoja de Ruta y Pr\u00f3ximas Movilizaciones.<\/a><\/p>\n<p><a href=\"http:\/\/ccoo.app\/airbus\/wp-content\/blogs.dir\/6\/files\/sites\/56\/2020\/07\/guiaprestacionpordesempleo_ccooairbus.pdf\">Gu\u00eda Prestaci\u00f3n Por Desempleo CCOO Airbus<\/a><\/p>\n<p><a href=\"http:\/\/ccoo.app\/airbus\/wp-content\/blogs.dir\/6\/files\/sites\/56\/2020\/07\/200709-en-defensa-del-empleo-y-el-sector-aeronautico.pdf\">09-07-2020 En Defensa del Empleo y el Sector Aeron\u00e1utico.<\/a><\/p>\n<p><a href=\"http:\/\/ccoo.app\/airbus\/wp-content\/blogs.dir\/6\/files\/sites\/56\/2020\/07\/200702-comision-central-de-empleo.pdf\">03-07-2020 Comisi\u00f3n Central de Empleo<\/a><\/p>\n<p><a href=\"http:\/\/ccoo.app\/airbus\/wp-content\/blogs.dir\/6\/files\/sites\/56\/2020\/07\/200702-comunicado-comite-interempresas.pdf\">03-07-2020 Comunicado Comit\u00e9 Interempresas<\/a><\/p>\n<p><a href=\"http:\/\/ccoo.app\/airbus\/wp-content\/blogs.dir\/6\/files\/sites\/56\/2020\/06\/reunion-junta-de-portavoces-interempresas.pdf\">23-06-20 REUNI\u00d3N JUNTA DE PORTAVOCES INTEREMPRESAS<\/a><\/p>\n<p><a href=\"http:\/\/ccoo.app\/airbus\/wp-content\/blogs.dir\/6\/files\/sites\/56\/2020\/06\/reestructuracion-defensa-y-espacio.pdf\">23-06-20 REESTRUCTURACI\u00d3N DEFENSA Y ESPACIO<\/a><\/p>\n<p><a href=\"http:\/\/ccoo.app\/airbus\/wp-content\/blogs.dir\/6\/files\/sites\/56\/2020\/06\/11-06-20-informacion-comision-vigilancia-de-convenio.pdf\">11-06-20 Informaci\u00f3n Comisi\u00f3n Vigilancia de Convenio<\/a><\/p>\n<p><a href=\"http:\/\/ccoo.app\/airbus\/wp-content\/blogs.dir\/6\/files\/sites\/56\/2020\/04\/28-04-20-inicio-negociacion.pdf\">28-04-20 Inicio negociaci\u00f3n<\/a><\/p>\n<p><a href=\"http:\/\/ccoo.app\/airbus\/wp-content\/blogs.dir\/6\/files\/sites\/56\/2020\/03\/24-04-20-comunicado-ccooatp-reclamando-unidad.pdf\">24-04-20 COMUNICADO CCOO&amp;ATP Reclamando Unidad<\/a><\/p>\n<p><a href=\"http:\/\/ccoo.app\/airbus\/wp-content\/blogs.dir\/6\/files\/sites\/56\/2020\/03\/15-04-20-reunion-comite-interempresas.pdf\">15-04-20 Reuni\u00f3n Comit\u00e9 Interempresas<\/a><\/p>\n<p><a href=\"http:\/\/ccoo.app\/airbus\/wp-content\/blogs.dir\/6\/files\/sites\/56\/2020\/03\/14-04-20-analisis-y-posicion-de-ccoo.pdf\">14-04-20 An\u00e1lisis y posici\u00f3n de CCOO<\/a><\/p>\n<p><a href=\"http:\/\/ccoo.app\/airbus\/wp-content\/blogs.dir\/6\/files\/sites\/56\/2020\/03\/3-4-20-la-actuacion-de-ccoo-ante-el-covid-19.pdf\">3-4-20 La actuaci\u00f3n de CCOO ante el COVID-19<\/a><\/p>\n<p><a href=\"http:\/\/ccoo.app\/airbus\/wp-content\/blogs.dir\/6\/files\/sites\/56\/2020\/03\/15-03-20-propuesta-de-los-representantes-de-los-trabajadores-y-trabajadoras-dia15032020.pdf\">15-03-20 Propuesta de los representantes de los trabajadores y trabajadoras dia15032020<\/a><\/p>\n<p><a href=\"http:\/\/ccoo.app\/airbus\/wp-content\/blogs.dir\/6\/files\/sites\/56\/2020\/03\/15-02-2020-sin-acuerdo-con-la-direccion.pdf\">15-02-2020 SIN ACUERDO CON LA DIRECCI\u00d3N<\/a><\/p>\n\n\n<hr class=\"wp-block-separator has-css-opacity\" \/>\n","protected":false},"excerpt":{"rendered":"<p>01-12-2023 Francisco San Jos\u00e9 continuar\u00e1 al frente de las CCOO en Airbus 08-11-2023 REFLEXI\u00d3N&nbsp;CONSTITUCI\u00d3N DEL COMIT\u00c9 INTEREMPRESAS Y DE LOS COMIT\u00c9S DE EMPRESA&nbsp; 02-11-2023 REDUCCI\u00d3N TRIBUTARIA EN LA PENSI\u00d3N DE &#8230; <a title=\"Interempresas CCOO Comunicados\" class=\"read-more\" href=\"https:\/\/ccoo.app\/airbus\/interempresas-comunicados\/\" aria-label=\"Leer m\u00e1s sobre Interempresas CCOO Comunicados\">Leer m\u00e1s<\/a><\/p>\n","protected":false},"author":33,"featured_media":0,"comment_status":"closed","ping_status":"closed","sticky":false,"template":"","format":"standard","meta":{"footnotes":""},"categories":[49,50],"tags":[79],"class_list":["post-1246","post","type-post","status-publish","format-standard","hentry","category-interempresas","category-interempresas-comunicados","tag-airbus","generate-columns","tablet-grid-50","mobile-grid-100","grid-parent","grid-33"],"_links":{"self":[{"href":"https:\/\/ccoo.app\/airbus\/wp-json\/wp\/v2\/posts\/1246","targetHints":{"allow":["GET"]}}],"collection":[{"href":"https:\/\/ccoo.app\/airbus\/wp-json\/wp\/v2\/posts"}],"about":[{"href":"https:\/\/ccoo.app\/airbus\/wp-json\/wp\/v2\/types\/post"}],"author":[{"embeddable":true,"href":"https:\/\/ccoo.app\/airbus\/wp-json\/wp\/v2\/users\/33"}],"replies":[{"embeddable":true,"href":"https:\/\/ccoo.app\/airbus\/wp-json\/wp\/v2\/comments?post=1246"}],"version-history":[{"count":5,"href":"https:\/\/ccoo.app\/airbus\/wp-json\/wp\/v2\/posts\/1246\/revisions"}],"predecessor-version":[{"id":6425,"href":"https:\/\/ccoo.app\/airbus\/wp-json\/wp\/v2\/posts\/1246\/revisions\/6425"}],"wp:attachment":[{"href":"https:\/\/ccoo.app\/airbus\/wp-json\/wp\/v2\/media?parent=1246"}],"wp:term":[{"taxonomy":"category","embeddable":true,"href":"https:\/\/ccoo.app\/airbus\/wp-json\/wp\/v2\/categories?post=1246"},{"taxonomy":"post_tag","embeddable":true,"href":"https:\/\/ccoo.app\/airbus\/wp-json\/wp\/v2\/tags?post=1246"}],"curies":[{"name":"wp","href":"https:\/\/api.w.org\/{rel}","templated":true}]}}