{"id":829,"date":"2019-06-21T05:00:53","date_gmt":"2019-06-21T03:00:53","guid":{"rendered":"http:\/\/agrupacio-policialocal.ccoo.cat\/?p=829"},"modified":"2022-01-25T15:11:19","modified_gmt":"2022-01-25T14:11:19","slug":"ajuntament-de-mollerussa-proces-de-seleccio-per-cobrir-tres-llocs-de-treball-de-policia-local-vacants-a-la-plantilla-de-funcionaris","status":"publish","type":"post","link":"https:\/\/ccoo.app\/agrupacio-policialocal\/ajuntament-de-mollerussa-proces-de-seleccio-per-cobrir-tres-llocs-de-treball-de-policia-local-vacants-a-la-plantilla-de-funcionaris\/","title":{"rendered":"Ajuntament de Mollerussa. Proc\u00e9s de selecci\u00f3 per cobrir tres llocs de treball de Policia Local vacants a la plantilla de funcionaris"},"content":{"rendered":"<p>Anunci sobre publicaci\u00f3 de la convocat\u00f2ria i bases corresponents que regularan el proc\u00e9s de selecci\u00f3 per cobrir tres llocs de treball de Policia Local vacants a la plantilla de funcionaris<\/p>\n<p>Per veure l&#8217;anunci feu click en el seg\u00fcent <a href=\"https:\/\/www.mollerussa.cat\/wp-content\/uploads\/2019\/06\/PUBLICACIO-DOGC-21062019.pdf\" target=\"_blank\" rel=\"noopener noreferrer\">enlla\u00e7<\/a>    \t<\/p>\n","protected":false},"excerpt":{"rendered":"<p>Anunci sobre publicaci\u00f3 de la convocat\u00f2ria i bases corresponents que regularan el proc\u00e9s de selecci\u00f3 per cobrir tres llocs de treball de Policia Local vacants a la plantilla de funcionaris &#8230; <a title=\"Ajuntament de Mollerussa. Proc\u00e9s de selecci\u00f3 per cobrir tres llocs de treball de Policia Local vacants a la plantilla de funcionaris\" class=\"read-more\" href=\"https:\/\/ccoo.app\/agrupacio-policialocal\/ajuntament-de-mollerussa-proces-de-seleccio-per-cobrir-tres-llocs-de-treball-de-policia-local-vacants-a-la-plantilla-de-funcionaris\/\" aria-label=\"Leer m\u00e1s sobre Ajuntament de Mollerussa. Proc\u00e9s de selecci\u00f3 per cobrir tres llocs de treball de Policia Local vacants a la plantilla de funcionaris\">Leer m\u00e1s<\/a><\/p>\n","protected":false},"author":5301,"featured_media":834,"comment_status":"closed","ping_status":"closed","sticky":false,"template":"","format":"standard","meta":{"footnotes":""},"categories":[3,14],"tags":[],"class_list":["post-829","post","type-post","status-publish","format-standard","has-post-thumbnail","hentry","category-noticias","category-oposicions","generate-columns","tablet-grid-50","mobile-grid-100","grid-parent","grid-33"],"_links":{"self":[{"href":"https:\/\/ccoo.app\/agrupacio-policialocal\/wp-json\/wp\/v2\/posts\/829","targetHints":{"allow":["GET"]}}],"collection":[{"href":"https:\/\/ccoo.app\/agrupacio-policialocal\/wp-json\/wp\/v2\/posts"}],"about":[{"href":"https:\/\/ccoo.app\/agrupacio-policialocal\/wp-json\/wp\/v2\/types\/post"}],"author":[{"embeddable":true,"href":"https:\/\/ccoo.app\/agrupacio-policialocal\/wp-json\/wp\/v2\/users\/5301"}],"replies":[{"embeddable":true,"href":"https:\/\/ccoo.app\/agrupacio-policialocal\/wp-json\/wp\/v2\/comments?post=829"}],"version-history":[{"count":1,"href":"https:\/\/ccoo.app\/agrupacio-policialocal\/wp-json\/wp\/v2\/posts\/829\/revisions"}],"predecessor-version":[{"id":2953,"href":"https:\/\/ccoo.app\/agrupacio-policialocal\/wp-json\/wp\/v2\/posts\/829\/revisions\/2953"}],"wp:featuredmedia":[{"embeddable":true,"href":"https:\/\/ccoo.app\/agrupacio-policialocal\/wp-json\/wp\/v2\/media\/834"}],"wp:attachment":[{"href":"https:\/\/ccoo.app\/agrupacio-policialocal\/wp-json\/wp\/v2\/media?parent=829"}],"wp:term":[{"taxonomy":"category","embeddable":true,"href":"https:\/\/ccoo.app\/agrupacio-policialocal\/wp-json\/wp\/v2\/categories?post=829"},{"taxonomy":"post_tag","embeddable":true,"href":"https:\/\/ccoo.app\/agrupacio-policialocal\/wp-json\/wp\/v2\/tags?post=829"}],"curies":[{"name":"wp","href":"https:\/\/api.w.org\/{rel}","templated":true}]}}