{"id":780,"date":"2019-05-25T09:31:56","date_gmt":"2019-05-25T07:31:56","guid":{"rendered":"http:\/\/agrupacio-policialocal.ccoo.cat\/?p=780"},"modified":"2022-01-25T15:11:23","modified_gmt":"2022-01-25T14:11:23","slug":"780-2","status":"publish","type":"post","link":"https:\/\/ccoo.app\/agrupacio-policialocal\/780-2\/","title":{"rendered":"Oposicions gu\u00e0rdia urbana Ajuntament de Tarragona"},"content":{"rendered":"<p>L&#8217;Ajuntament de Tarragona, en data 8 de maig de 2019, ha acordat la convocat\u00f2ria i ha aprovat les bases que regiran el proc\u00e9s selectiu per a la provisi\u00f3 amb car\u00e0cter de personal funcionari de carrera, pel sistema d\u2019oposici\u00f3 lliure, de 22 places d\u2019agent de la Gu\u00e0rdia Urbana.<\/p>\n<p>Per veure les bases reguladores de l\u2019oposici\u00f3 feu click en el seg\u00fcent\u00a0<a href=\"https:\/\/ccoo.app\/agrupacio-policialocal\/wp-content\/blogs.dir\/6\/files\/sites\/152\/2019\/05\/i_20190522_2019_04566.pdf\" target=\"_blank\" rel=\"noopener noreferrer\">enlla\u00e7<\/a><\/p>\n<p>&nbsp;    \t<\/p>\n","protected":false},"excerpt":{"rendered":"<p>L&#8217;Ajuntament de Tarragona, en data 8 de maig de 2019, ha acordat la convocat\u00f2ria i ha aprovat les bases que regiran el proc\u00e9s selectiu per a la provisi\u00f3 amb car\u00e0cter &#8230; <a title=\"Oposicions gu\u00e0rdia urbana Ajuntament de Tarragona\" class=\"read-more\" href=\"https:\/\/ccoo.app\/agrupacio-policialocal\/780-2\/\" aria-label=\"Leer m\u00e1s sobre Oposicions gu\u00e0rdia urbana Ajuntament de Tarragona\">Leer m\u00e1s<\/a><\/p>\n","protected":false},"author":5301,"featured_media":781,"comment_status":"closed","ping_status":"closed","sticky":false,"template":"","format":"standard","meta":{"footnotes":""},"categories":[3,14],"tags":[],"class_list":["post-780","post","type-post","status-publish","format-standard","has-post-thumbnail","hentry","category-noticias","category-oposicions","generate-columns","tablet-grid-50","mobile-grid-100","grid-parent","grid-33"],"_links":{"self":[{"href":"https:\/\/ccoo.app\/agrupacio-policialocal\/wp-json\/wp\/v2\/posts\/780","targetHints":{"allow":["GET"]}}],"collection":[{"href":"https:\/\/ccoo.app\/agrupacio-policialocal\/wp-json\/wp\/v2\/posts"}],"about":[{"href":"https:\/\/ccoo.app\/agrupacio-policialocal\/wp-json\/wp\/v2\/types\/post"}],"author":[{"embeddable":true,"href":"https:\/\/ccoo.app\/agrupacio-policialocal\/wp-json\/wp\/v2\/users\/5301"}],"replies":[{"embeddable":true,"href":"https:\/\/ccoo.app\/agrupacio-policialocal\/wp-json\/wp\/v2\/comments?post=780"}],"version-history":[{"count":1,"href":"https:\/\/ccoo.app\/agrupacio-policialocal\/wp-json\/wp\/v2\/posts\/780\/revisions"}],"predecessor-version":[{"id":2956,"href":"https:\/\/ccoo.app\/agrupacio-policialocal\/wp-json\/wp\/v2\/posts\/780\/revisions\/2956"}],"wp:featuredmedia":[{"embeddable":true,"href":"https:\/\/ccoo.app\/agrupacio-policialocal\/wp-json\/wp\/v2\/media\/781"}],"wp:attachment":[{"href":"https:\/\/ccoo.app\/agrupacio-policialocal\/wp-json\/wp\/v2\/media?parent=780"}],"wp:term":[{"taxonomy":"category","embeddable":true,"href":"https:\/\/ccoo.app\/agrupacio-policialocal\/wp-json\/wp\/v2\/categories?post=780"},{"taxonomy":"post_tag","embeddable":true,"href":"https:\/\/ccoo.app\/agrupacio-policialocal\/wp-json\/wp\/v2\/tags?post=780"}],"curies":[{"name":"wp","href":"https:\/\/api.w.org\/{rel}","templated":true}]}}