{"id":766,"date":"2018-04-18T07:22:47","date_gmt":"2018-04-18T05:22:47","guid":{"rendered":"http:\/\/agrupacio-policialocal.ccoo.cat\/?p=766"},"modified":"2022-01-25T15:11:44","modified_gmt":"2022-01-25T14:11:44","slug":"policia-local-de-calafell","status":"publish","type":"post","link":"https:\/\/ccoo.app\/agrupacio-policialocal\/policia-local-de-calafell\/","title":{"rendered":"Policia Local de Calafell"},"content":{"rendered":"<h3 class=\"widget-title\">Propera convocat\u00f2ria oposici\u00f3 lliure de 8 places d&#8217;agents de la Policia Local de Calafell.<\/h3>\n<div class=\"siteorigin-widget-tinymce textwidget\">\n<p>La Junta de Govern local, en sessi\u00f3 ordin\u00e0ria de data 9 d&#8217;abril de 2018, va acordar aprovar les bases que\u00a0regiran el concurs oposici\u00f3 lliure per a la cobertura de vuit (8) places d&#8217;agent de la Policia Local de Calafell,\u00a0incloses a l&#8217;Oferta P\u00fablica de l&#8217;any 2017, alhora que la seva convocat\u00f2ria.<\/p>\n<p>En el seg\u00fcent enlla\u00e7 trobareu les\u00a0<a href=\"https:\/\/ccoo.app\/agrupacio-policialocal\/wp-content\/blogs.dir\/6\/files\/sites\/152\/2018\/04\/opos-policia-local-calafell.pdf\" target=\"_blank\" rel=\"noopener noreferrer\">bases de la convocat\u00f2ria<\/a>\u00a0que regeixen el procediment.<\/p>\n<\/div>\n","protected":false},"excerpt":{"rendered":"<p>Propera convocat\u00f2ria oposici\u00f3 lliure de 8 places d&#8217;agents de la Policia Local de Calafell. La Junta de Govern local, en sessi\u00f3 ordin\u00e0ria de data 9 d&#8217;abril de 2018, va acordar &#8230; <a title=\"Policia Local de Calafell\" class=\"read-more\" href=\"https:\/\/ccoo.app\/agrupacio-policialocal\/policia-local-de-calafell\/\" aria-label=\"Leer m\u00e1s sobre Policia Local de Calafell\">Leer m\u00e1s<\/a><\/p>\n","protected":false},"author":5301,"featured_media":768,"comment_status":"open","ping_status":"open","sticky":false,"template":"","format":"standard","meta":{"footnotes":""},"categories":[14],"tags":[],"class_list":["post-766","post","type-post","status-publish","format-standard","has-post-thumbnail","hentry","category-oposicions","generate-columns","tablet-grid-50","mobile-grid-100","grid-parent","grid-33"],"_links":{"self":[{"href":"https:\/\/ccoo.app\/agrupacio-policialocal\/wp-json\/wp\/v2\/posts\/766","targetHints":{"allow":["GET"]}}],"collection":[{"href":"https:\/\/ccoo.app\/agrupacio-policialocal\/wp-json\/wp\/v2\/posts"}],"about":[{"href":"https:\/\/ccoo.app\/agrupacio-policialocal\/wp-json\/wp\/v2\/types\/post"}],"author":[{"embeddable":true,"href":"https:\/\/ccoo.app\/agrupacio-policialocal\/wp-json\/wp\/v2\/users\/5301"}],"replies":[{"embeddable":true,"href":"https:\/\/ccoo.app\/agrupacio-policialocal\/wp-json\/wp\/v2\/comments?post=766"}],"version-history":[{"count":1,"href":"https:\/\/ccoo.app\/agrupacio-policialocal\/wp-json\/wp\/v2\/posts\/766\/revisions"}],"predecessor-version":[{"id":2974,"href":"https:\/\/ccoo.app\/agrupacio-policialocal\/wp-json\/wp\/v2\/posts\/766\/revisions\/2974"}],"wp:featuredmedia":[{"embeddable":true,"href":"https:\/\/ccoo.app\/agrupacio-policialocal\/wp-json\/wp\/v2\/media\/768"}],"wp:attachment":[{"href":"https:\/\/ccoo.app\/agrupacio-policialocal\/wp-json\/wp\/v2\/media?parent=766"}],"wp:term":[{"taxonomy":"category","embeddable":true,"href":"https:\/\/ccoo.app\/agrupacio-policialocal\/wp-json\/wp\/v2\/categories?post=766"},{"taxonomy":"post_tag","embeddable":true,"href":"https:\/\/ccoo.app\/agrupacio-policialocal\/wp-json\/wp\/v2\/tags?post=766"}],"curies":[{"name":"wp","href":"https:\/\/api.w.org\/{rel}","templated":true}]}}