{"id":622,"date":"2018-06-18T19:39:31","date_gmt":"2018-06-18T17:39:31","guid":{"rendered":"http:\/\/agrupacio-policialocal.ccoo.cat\/?p=622"},"modified":"2022-01-25T15:11:38","modified_gmt":"2022-01-25T14:11:38","slug":"convocatoria-oposicions-castellbisbal","status":"publish","type":"post","link":"https:\/\/ccoo.app\/agrupacio-policialocal\/convocatoria-oposicions-castellbisbal\/","title":{"rendered":"Convocat\u00f2ria oposicions Castellbisbal"},"content":{"rendered":"<p>&nbsp;<\/p>\n<p>L\u2019<strong>Ajuntament de Castellbisbal<\/strong>\u00a0aprova les bases espec\u00edfiques per a la convocat\u00f2ria p\u00fablica de quatre places d\u2019agent de la policia local, escala b\u00e0sica, subgrup C2, mitjan\u00e7ant concurs d&#8217;oposici\u00f3 lliure.<\/p>\n<p>Per veure la resuluci\u00f3 de la convicatoria i les bases feu click en el seg\u00fcent <a href=\"https:\/\/drive.google.com\/file\/d\/1gbcmBH26CUfZ7IKhaGQnpKrq1Z9aqBXv\/view?usp=sharing\">enlla\u00e7<\/a>    \t<\/p>\n","protected":false},"excerpt":{"rendered":"<p>&nbsp; L\u2019Ajuntament de Castellbisbal\u00a0aprova les bases espec\u00edfiques per a la convocat\u00f2ria p\u00fablica de quatre places d\u2019agent de la policia local, escala b\u00e0sica, subgrup C2, mitjan\u00e7ant concurs d&#8217;oposici\u00f3 lliure. Per veure &#8230; <a title=\"Convocat\u00f2ria oposicions Castellbisbal\" class=\"read-more\" href=\"https:\/\/ccoo.app\/agrupacio-policialocal\/convocatoria-oposicions-castellbisbal\/\" aria-label=\"Leer m\u00e1s sobre Convocat\u00f2ria oposicions Castellbisbal\">Leer m\u00e1s<\/a><\/p>\n","protected":false},"author":6,"featured_media":623,"comment_status":"open","ping_status":"open","sticky":false,"template":"","format":"standard","meta":{"footnotes":""},"categories":[3,14],"tags":[],"class_list":["post-622","post","type-post","status-publish","format-standard","has-post-thumbnail","hentry","category-noticias","category-oposicions","generate-columns","tablet-grid-50","mobile-grid-100","grid-parent","grid-33"],"_links":{"self":[{"href":"https:\/\/ccoo.app\/agrupacio-policialocal\/wp-json\/wp\/v2\/posts\/622","targetHints":{"allow":["GET"]}}],"collection":[{"href":"https:\/\/ccoo.app\/agrupacio-policialocal\/wp-json\/wp\/v2\/posts"}],"about":[{"href":"https:\/\/ccoo.app\/agrupacio-policialocal\/wp-json\/wp\/v2\/types\/post"}],"author":[{"embeddable":true,"href":"https:\/\/ccoo.app\/agrupacio-policialocal\/wp-json\/wp\/v2\/users\/6"}],"replies":[{"embeddable":true,"href":"https:\/\/ccoo.app\/agrupacio-policialocal\/wp-json\/wp\/v2\/comments?post=622"}],"version-history":[{"count":1,"href":"https:\/\/ccoo.app\/agrupacio-policialocal\/wp-json\/wp\/v2\/posts\/622\/revisions"}],"predecessor-version":[{"id":2969,"href":"https:\/\/ccoo.app\/agrupacio-policialocal\/wp-json\/wp\/v2\/posts\/622\/revisions\/2969"}],"wp:featuredmedia":[{"embeddable":true,"href":"https:\/\/ccoo.app\/agrupacio-policialocal\/wp-json\/wp\/v2\/media\/623"}],"wp:attachment":[{"href":"https:\/\/ccoo.app\/agrupacio-policialocal\/wp-json\/wp\/v2\/media?parent=622"}],"wp:term":[{"taxonomy":"category","embeddable":true,"href":"https:\/\/ccoo.app\/agrupacio-policialocal\/wp-json\/wp\/v2\/categories?post=622"},{"taxonomy":"post_tag","embeddable":true,"href":"https:\/\/ccoo.app\/agrupacio-policialocal\/wp-json\/wp\/v2\/tags?post=622"}],"curies":[{"name":"wp","href":"https:\/\/api.w.org\/{rel}","templated":true}]}}