{"id":3563,"date":"2025-03-10T13:45:29","date_gmt":"2025-03-10T12:45:29","guid":{"rendered":"https:\/\/ccoo.app\/agrupacio-policialocal\/?p=3563"},"modified":"2025-03-10T13:45:30","modified_gmt":"2025-03-10T12:45:30","slug":"el-proper-20-de-marc-es-fara-la-conferencia-de-lapl-2025","status":"publish","type":"post","link":"https:\/\/ccoo.app\/agrupacio-policialocal\/el-proper-20-de-marc-es-fara-la-conferencia-de-lapl-2025\/","title":{"rendered":"EL PROPER 20 DE MAR\u00c7 ES FAR\u00c0 LA CONFERENCIA DE L\u2019APL 2025"},"content":{"rendered":"\n<p>El proper dijous, dia 20 de mar\u00e7, es celebrar\u00e0, a la sala 45 de la Seu de <strong>CCOO<\/strong> de Via Laietana, la confer\u00e8ncia de l\u2019Agrupaci\u00f3 de Policies Locals de Catalunya (APL), que culminar\u00e0 el proc\u00e9s d\u2019elecci\u00f3 del nou coordinador o coordinadora de l\u2019agrupaci\u00f3 i&nbsp; de l\u2019\u00f2rgan de coordinaci\u00f3 que governaran l\u2019APL des del 2025 al 2029.<\/p>\n\n\n\n<p>Aquest proc\u00e9s, que est\u00e0 englobat dins dels processos congressuals d\u2019elecci\u00f3 dels nous \u00f2rgans interns de direcci\u00f3 de <strong>CCOO<\/strong>, va comen\u00e7ar amb les assemblees de primer nivell, on s\u2019han escollit als 25 delegats i delegades que hi assistiran el proper dia 20 de mar\u00e7, com acreditats, que s\u2019han fet els dies i llocs seg\u00fcents:<\/p>\n\n\n\n<ul class=\"wp-block-list\">\n<li>11 de febrer a Cornell\u00e0<\/li>\n\n\n\n<li>17 de febrer a Granollers<\/li>\n\n\n\n<li>18 de febrer a Lleida<\/li>\n\n\n\n<li>19 de febrer a Terrassa<\/li>\n\n\n\n<li>20 de febrer a Girona<\/li>\n\n\n\n<li>21 de febrer a la Gu\u00e0rdia Urbana de Barcelona<\/li>\n\n\n\n<li>5 de mar\u00e7 a Tarragona<\/li>\n<\/ul>\n\n\n\n<p>Una vegada celebrades totes aquestes assemblees, el proper dia 20 de mar\u00e7 es celebrar\u00e0 la confer\u00e8ncia dels acreditats que escolliran els nous \u00f2rgans de direcci\u00f3 de l\u2019APL.<\/p>\n\n\n\n<p>Aix\u00ed mateix, en aquests processos congressuals, s\u2019elegeixen tots els \u00f2rgans de direcci\u00f3 de <strong>CCOO<\/strong> de tots els territoris, sectors, de la CONC (<strong>CCOO<\/strong> de Catalunya) fins a arribar a l\u2019elecci\u00f3 del Secretari General de <strong>CCOO<\/strong> a nivell estatal.<\/p>\n\n\n\n<p>D\u2019aquesta manera es renoven o continuen tots els \u00f2rgans de direcci\u00f3.<\/p>\n\n\n\n<p>En el nostre cas s\u2019haur\u00e0 d\u2019escollir un nou coordinador o coordinadora de l\u2018APL, ja que l\u2019actual coordinador, en Alberto Rubio, no presentar\u00e0 candidatura a la reelecci\u00f3.<\/p>\n\n\n\n<p>Us mantindrem informats.<\/p>\n","protected":false},"excerpt":{"rendered":"<p>El proper dijous, dia 20 de mar\u00e7, es celebrar\u00e0, a la sala 45 de la Seu de CCOO de Via Laietana, la confer\u00e8ncia de l\u2019Agrupaci\u00f3 de Policies Locals de Catalunya &#8230; <a title=\"EL PROPER 20 DE MAR\u00c7 ES FAR\u00c0 LA CONFERENCIA DE L\u2019APL 2025\" class=\"read-more\" href=\"https:\/\/ccoo.app\/agrupacio-policialocal\/el-proper-20-de-marc-es-fara-la-conferencia-de-lapl-2025\/\" aria-label=\"Leer m\u00e1s sobre EL PROPER 20 DE MAR\u00c7 ES FAR\u00c0 LA CONFERENCIA DE L\u2019APL 2025\">Leer m\u00e1s<\/a><\/p>\n","protected":false},"author":4063,"featured_media":0,"comment_status":"closed","ping_status":"closed","sticky":false,"template":"","format":"standard","meta":{"footnotes":""},"categories":[3],"tags":[],"class_list":["post-3563","post","type-post","status-publish","format-standard","hentry","category-noticias","generate-columns","tablet-grid-50","mobile-grid-100","grid-parent","grid-33"],"_links":{"self":[{"href":"https:\/\/ccoo.app\/agrupacio-policialocal\/wp-json\/wp\/v2\/posts\/3563","targetHints":{"allow":["GET"]}}],"collection":[{"href":"https:\/\/ccoo.app\/agrupacio-policialocal\/wp-json\/wp\/v2\/posts"}],"about":[{"href":"https:\/\/ccoo.app\/agrupacio-policialocal\/wp-json\/wp\/v2\/types\/post"}],"author":[{"embeddable":true,"href":"https:\/\/ccoo.app\/agrupacio-policialocal\/wp-json\/wp\/v2\/users\/4063"}],"replies":[{"embeddable":true,"href":"https:\/\/ccoo.app\/agrupacio-policialocal\/wp-json\/wp\/v2\/comments?post=3563"}],"version-history":[{"count":1,"href":"https:\/\/ccoo.app\/agrupacio-policialocal\/wp-json\/wp\/v2\/posts\/3563\/revisions"}],"predecessor-version":[{"id":3564,"href":"https:\/\/ccoo.app\/agrupacio-policialocal\/wp-json\/wp\/v2\/posts\/3563\/revisions\/3564"}],"wp:attachment":[{"href":"https:\/\/ccoo.app\/agrupacio-policialocal\/wp-json\/wp\/v2\/media?parent=3563"}],"wp:term":[{"taxonomy":"category","embeddable":true,"href":"https:\/\/ccoo.app\/agrupacio-policialocal\/wp-json\/wp\/v2\/categories?post=3563"},{"taxonomy":"post_tag","embeddable":true,"href":"https:\/\/ccoo.app\/agrupacio-policialocal\/wp-json\/wp\/v2\/tags?post=3563"}],"curies":[{"name":"wp","href":"https:\/\/api.w.org\/{rel}","templated":true}]}}