{"id":3551,"date":"2025-01-29T15:59:53","date_gmt":"2025-01-29T14:59:53","guid":{"rendered":"https:\/\/ccoo.app\/agrupacio-policialocal\/?p=3551"},"modified":"2025-01-29T15:59:55","modified_gmt":"2025-01-29T14:59:55","slug":"el-coordinador-de-lapl-de-ccoo-de-catalunya-es-reuneix-amb-el-director-de-les-policies-locals-de-catalunya-en-daniel-limones","status":"publish","type":"post","link":"https:\/\/ccoo.app\/agrupacio-policialocal\/el-coordinador-de-lapl-de-ccoo-de-catalunya-es-reuneix-amb-el-director-de-les-policies-locals-de-catalunya-en-daniel-limones\/","title":{"rendered":"EL COORDINADOR DE L\u2019APL DE CCOO DE CATALUNYA ES REUNEIX AMB EL DIRECTOR DE LES POLICIES LOCALS DE CATALUNYA EN DANIEL LIMONES"},"content":{"rendered":"\n<figure class=\"wp-block-image size-large\"><img loading=\"lazy\" decoding=\"async\" width=\"1024\" height=\"768\" src=\"https:\/\/ccoo.app\/agrupacio-policialocal\/wp-content\/blogs.dir\/6\/files\/sites\/152\/2025\/01\/unnamed-1-1024x768.jpg\" alt=\"\" class=\"wp-image-3552\" srcset=\"https:\/\/ccoo.app\/agrupacio-policialocal\/wp-content\/blogs.dir\/6\/files\/sites\/152\/2025\/01\/unnamed-1-1024x768.jpg 1024w, https:\/\/ccoo.app\/agrupacio-policialocal\/wp-content\/blogs.dir\/6\/files\/sites\/152\/2025\/01\/unnamed-1-300x225.jpg 300w, https:\/\/ccoo.app\/agrupacio-policialocal\/wp-content\/blogs.dir\/6\/files\/sites\/152\/2025\/01\/unnamed-1-768x576.jpg 768w, https:\/\/ccoo.app\/agrupacio-policialocal\/wp-content\/blogs.dir\/6\/files\/sites\/152\/2025\/01\/unnamed-1-1536x1152.jpg 1536w, https:\/\/ccoo.app\/agrupacio-policialocal\/wp-content\/blogs.dir\/6\/files\/sites\/152\/2025\/01\/unnamed-1-2048x1536.jpg 2048w\" sizes=\"auto, (max-width: 1024px) 100vw, 1024px\" \/><\/figure>\n\n\n\n<p>El passat dilluns dia 20 de gener, el Coordinador de les Policies Locals de Catalunya (APL), Alberto Rubio, juntament amb dos membres de l\u2019\u00f2rgan de coordinaci\u00f3, en Pau Escudero i Jordi Gallart, es van reunir amb el nou Director de les Policies Locals de Catalunya, en Daniel Limones, al Departament d\u2019Interior de la Generalitat de Catalunya.<\/p>\n\n\n\n<p>En aquesta reuni\u00f3 es va parlar del model policial que es s\u2019ha de tenir a Catalunya, per\u00f2 el Coordinador de l\u2019APL va voler exposar els principals problemes que es tenen en l\u2019actualitat en les diferents Policies Locals de Catalunya i la necessitat imperiosa &nbsp;de fer una nova Llei de Policies Locals a Catalunya, ja que la que hi ha actualment, que ja te 34 anys, est\u00e0 obsoleta i no respon a les necessitats actuals de les policies.<\/p>\n\n\n\n<p>Dins d\u2019aquest marc, tamb\u00e9 es va parlar de la possibilitat de poder formar part del comit\u00e8 t\u00e8cnic per elaborar la nova llei.<\/p>\n\n\n\n<p>Tamb\u00e9 va exposar la necessitat d\u2019eliminar la figura del Vigilant, tal i com pretenia la Llei 16\/1991, per\u00f2 que encara no s\u2019ha aconseguit, aix\u00ed com tamb\u00e9 eliminar la figura dels funcionaris interins, que encara hi son presents en moltes de les policies locals de Catalunya, que poden existir i treballar al carrer sense ni tan sols anar a fer el curs b\u00e0sic de policia a l\u2019ISPC, amb el que ens podem trobar al carrer un policia sense cap formaci\u00f3, cosa ins\u00f2lita i que va en decrement de la professionalitat de la resta de policies.<\/p>\n\n\n\n<p>Tamb\u00e9 es va parlar de crear borses de treball de policies, amb els curs b\u00e0sic fet, que serien una soluci\u00f3 a les policies locals que necessiten una quantitat superior de policies en determinades estacions de l\u2019any. De buscar f\u00f3rmules de coordinaci\u00f3 i mobilitat entre les policies locals, per\u00f2 que tamb\u00e9 es valor\u00e9s la possibilitat de fer-ho amb el Cos dels Mossos d\u2019Esquadra. De la necessitat de crear una xarxa de dades conjunta i un programa espec\u00edfic per cossos policials, que poguessin utilitzar totes les policies locals, tant les grans com les petites, que els hi permet\u00e9s compartir informaci\u00f3 i establir uns protocols d\u2019actuaci\u00f3 comuns, tot i que no siguin obligatoris. De fer un reglament gen\u00e8ric de segona activitat i un altre que desenvolup\u00e9s la carrera professional dels policies, que serv\u00eds de guia per aquelles policies que encara no ho tenen.<\/p>\n\n\n\n<p>Per \u00faltim, tamb\u00e9 es va parlar de la possibilitat de fixar un sou m\u00ednim per cadascuna de les categories existents en les policies locals, atenent a la poblaci\u00f3 de cada municipi i de fer una fitxa de valoraci\u00f3 de cada lloc de treball, gen\u00e8rica, per tal d\u2019evitar, per un costat la desigualtat de salaris existent entre les policies locals de Catalunya, que pot arribar a ser de fins a 1500\u20ac entre els que m\u00e9s cobren i els que menys, i la difer\u00e8ncia de criteri existent a l\u2019hora de fer les valoracions de llocs de treball i calcular els complements espec\u00edfics de cadascun.<\/p>\n\n\n\n<p>Tot aix\u00f2 amb la intenci\u00f3 de tenir unes Policies Locals m\u00e9s professionalitzades, m\u00e9s feminitzades i amb les compet\u00e8ncies, materials i medis adients per poder desenvolupar la feina amb qualitat i poder oferir un bon servei a la ciutadania, que al final, \u00e9s el que hem d\u2019aconseguir.<\/p>\n","protected":false},"excerpt":{"rendered":"<p>Reuni\u00f3 del Coordinador i l&#8217;\u00f2rgan de coordinaci\u00f3 de l&#8217;APL amb el Director de les Policies Locals de Catalunya en Daniel Limones.<\/p>\n","protected":false},"author":4063,"featured_media":3552,"comment_status":"closed","ping_status":"closed","sticky":false,"template":"","format":"standard","meta":{"footnotes":""},"categories":[3,1],"tags":[],"class_list":["post-3551","post","type-post","status-publish","format-standard","has-post-thumbnail","hentry","category-noticias","category-sin-categoria","generate-columns","tablet-grid-50","mobile-grid-100","grid-parent","grid-33"],"_links":{"self":[{"href":"https:\/\/ccoo.app\/agrupacio-policialocal\/wp-json\/wp\/v2\/posts\/3551","targetHints":{"allow":["GET"]}}],"collection":[{"href":"https:\/\/ccoo.app\/agrupacio-policialocal\/wp-json\/wp\/v2\/posts"}],"about":[{"href":"https:\/\/ccoo.app\/agrupacio-policialocal\/wp-json\/wp\/v2\/types\/post"}],"author":[{"embeddable":true,"href":"https:\/\/ccoo.app\/agrupacio-policialocal\/wp-json\/wp\/v2\/users\/4063"}],"replies":[{"embeddable":true,"href":"https:\/\/ccoo.app\/agrupacio-policialocal\/wp-json\/wp\/v2\/comments?post=3551"}],"version-history":[{"count":3,"href":"https:\/\/ccoo.app\/agrupacio-policialocal\/wp-json\/wp\/v2\/posts\/3551\/revisions"}],"predecessor-version":[{"id":3556,"href":"https:\/\/ccoo.app\/agrupacio-policialocal\/wp-json\/wp\/v2\/posts\/3551\/revisions\/3556"}],"wp:featuredmedia":[{"embeddable":true,"href":"https:\/\/ccoo.app\/agrupacio-policialocal\/wp-json\/wp\/v2\/media\/3552"}],"wp:attachment":[{"href":"https:\/\/ccoo.app\/agrupacio-policialocal\/wp-json\/wp\/v2\/media?parent=3551"}],"wp:term":[{"taxonomy":"category","embeddable":true,"href":"https:\/\/ccoo.app\/agrupacio-policialocal\/wp-json\/wp\/v2\/categories?post=3551"},{"taxonomy":"post_tag","embeddable":true,"href":"https:\/\/ccoo.app\/agrupacio-policialocal\/wp-json\/wp\/v2\/tags?post=3551"}],"curies":[{"name":"wp","href":"https:\/\/api.w.org\/{rel}","templated":true}]}}