{"id":3544,"date":"2024-07-09T14:29:20","date_gmt":"2024-07-09T12:29:20","guid":{"rendered":"https:\/\/ccoo.app\/agrupacio-policialocal\/?p=3544"},"modified":"2024-07-11T13:17:53","modified_gmt":"2024-07-11T11:17:53","slug":"sentencia-estimatoria-per-cobrar-els-festius-en-el-periode-de-vacances","status":"publish","type":"post","link":"https:\/\/ccoo.app\/agrupacio-policialocal\/sentencia-estimatoria-per-cobrar-els-festius-en-el-periode-de-vacances\/","title":{"rendered":"Sent\u00e8ncia\u00a0estimat\u00f2ria\u00a0per cobrar els festius en el\u00a0per\u00edode\u00a0de vacances."},"content":{"rendered":"\n<p>Aquesta sent\u00e8ncia, del jutjat del Contenci\u00f3s Administratiu n\u00famero 16 de Barcelona, de primera inst\u00e0ncia, reconeix el dret dels treballadors a cobrar el plus de festivitat durant el per\u00edode de vacances. <\/p>\n\n\n\n<div data-wp-interactive=\"core\/file\" class=\"wp-block-file\"><object data-wp-bind--hidden=\"!state.hasPdfPreview\" hidden class=\"wp-block-file__embed\" data=\"https:\/\/ccoo.app\/agrupacio-policialocal\/wp-content\/blogs.dir\/6\/files\/sites\/152\/2024\/07\/CCOO-Nota-i-sentencia-del-plus-de-productivitat-en-periode-de-vacances.pdf\" type=\"application\/pdf\" style=\"width:100%;height:600px\" aria-label=\"Incrustado de CCOO Nota i sent\u00e8ncia del plus de productivitat en per\u00edode de vacances.\"><\/object><a id=\"wp-block-file--media-31815c2d-4f70-4e4d-b601-8b195f4f0e4c\" href=\"https:\/\/ccoo.app\/agrupacio-policialocal\/wp-content\/blogs.dir\/6\/files\/sites\/152\/2024\/07\/CCOO-Nota-i-sentencia-del-plus-de-productivitat-en-periode-de-vacances.pdf\">CCOO Nota i sent\u00e8ncia del plus de productivitat en per\u00edode de vacances<\/a><a href=\"https:\/\/ccoo.app\/agrupacio-policialocal\/wp-content\/blogs.dir\/6\/files\/sites\/152\/2024\/07\/CCOO-Nota-i-sentencia-del-plus-de-productivitat-en-periode-de-vacances.pdf\" class=\"wp-block-file__button wp-element-button\" download aria-describedby=\"wp-block-file--media-31815c2d-4f70-4e4d-b601-8b195f4f0e4c\">Descarga<\/a><\/div>\n\n\n\n<div data-wp-interactive=\"core\/file\" class=\"wp-block-file\"><object data-wp-bind--hidden=\"!state.hasPdfPreview\" hidden class=\"wp-block-file__embed\" data=\"https:\/\/ccoo.app\/agrupacio-policialocal\/wp-content\/blogs.dir\/6\/files\/sites\/152\/2024\/07\/EQ3-2747-22-SENTENCIA-ESTIMATORIA_FESTIUS_-sense-dades.pdf\" type=\"application\/pdf\" style=\"width:100%;height:600px\" aria-label=\"Incrustado de EQ3 2747-22 SENTENCIA ESTIMATORIA_FESTIUS_ sense dades.\"><\/object><a id=\"wp-block-file--media-0333e43f-0049-4247-a5d2-becc497dd596\" href=\"https:\/\/ccoo.app\/agrupacio-policialocal\/wp-content\/blogs.dir\/6\/files\/sites\/152\/2024\/07\/EQ3-2747-22-SENTENCIA-ESTIMATORIA_FESTIUS_-sense-dades.pdf\">EQ3 2747-22 SENTENCIA ESTIMATORIA_FESTIUS_ sense dades<\/a><a href=\"https:\/\/ccoo.app\/agrupacio-policialocal\/wp-content\/blogs.dir\/6\/files\/sites\/152\/2024\/07\/EQ3-2747-22-SENTENCIA-ESTIMATORIA_FESTIUS_-sense-dades.pdf\" class=\"wp-block-file__button wp-element-button\" download aria-describedby=\"wp-block-file--media-0333e43f-0049-4247-a5d2-becc497dd596\">Descarga<\/a><\/div>\n","protected":false},"excerpt":{"rendered":"<p>Sent\u00e8ncia\u00a0estimat\u00f2ria\u00a0per cobrar els festius en el\u00a0per\u00edode\u00a0de vacances.<\/p>\n","protected":false},"author":4063,"featured_media":3093,"comment_status":"closed","ping_status":"closed","sticky":false,"template":"","format":"standard","meta":{"footnotes":""},"categories":[33],"tags":[37],"class_list":["post-3544","post","type-post","status-publish","format-standard","has-post-thumbnail","hentry","category-sentencies-importants","tag-sentencia-favorable","generate-columns","tablet-grid-50","mobile-grid-100","grid-parent","grid-33"],"_links":{"self":[{"href":"https:\/\/ccoo.app\/agrupacio-policialocal\/wp-json\/wp\/v2\/posts\/3544","targetHints":{"allow":["GET"]}}],"collection":[{"href":"https:\/\/ccoo.app\/agrupacio-policialocal\/wp-json\/wp\/v2\/posts"}],"about":[{"href":"https:\/\/ccoo.app\/agrupacio-policialocal\/wp-json\/wp\/v2\/types\/post"}],"author":[{"embeddable":true,"href":"https:\/\/ccoo.app\/agrupacio-policialocal\/wp-json\/wp\/v2\/users\/4063"}],"replies":[{"embeddable":true,"href":"https:\/\/ccoo.app\/agrupacio-policialocal\/wp-json\/wp\/v2\/comments?post=3544"}],"version-history":[{"count":2,"href":"https:\/\/ccoo.app\/agrupacio-policialocal\/wp-json\/wp\/v2\/posts\/3544\/revisions"}],"predecessor-version":[{"id":3549,"href":"https:\/\/ccoo.app\/agrupacio-policialocal\/wp-json\/wp\/v2\/posts\/3544\/revisions\/3549"}],"wp:featuredmedia":[{"embeddable":true,"href":"https:\/\/ccoo.app\/agrupacio-policialocal\/wp-json\/wp\/v2\/media\/3093"}],"wp:attachment":[{"href":"https:\/\/ccoo.app\/agrupacio-policialocal\/wp-json\/wp\/v2\/media?parent=3544"}],"wp:term":[{"taxonomy":"category","embeddable":true,"href":"https:\/\/ccoo.app\/agrupacio-policialocal\/wp-json\/wp\/v2\/categories?post=3544"},{"taxonomy":"post_tag","embeddable":true,"href":"https:\/\/ccoo.app\/agrupacio-policialocal\/wp-json\/wp\/v2\/tags?post=3544"}],"curies":[{"name":"wp","href":"https:\/\/api.w.org\/{rel}","templated":true}]}}