{"id":3541,"date":"2024-07-09T14:21:34","date_gmt":"2024-07-09T12:21:34","guid":{"rendered":"https:\/\/ccoo.app\/agrupacio-policialocal\/?p=3541"},"modified":"2024-07-09T14:30:25","modified_gmt":"2024-07-09T12:30:25","slug":"nota-reconeixement-temps-cotitzat-com-interins","status":"publish","type":"post","link":"https:\/\/ccoo.app\/agrupacio-policialocal\/nota-reconeixement-temps-cotitzat-com-interins\/","title":{"rendered":"Nota reconeixement temps cotitzat com interins"},"content":{"rendered":"\n<p>Aquesta nota,&nbsp;es&nbsp;fa arran d&#8217;una consulta sobre aquest tema i fa unes&nbsp;consideracions&nbsp;jur\u00eddiques importants per&nbsp;recon\u00e8ixer&nbsp;el temps cotitzat com inter\u00ed, que CCOO ja ha esposat en les taules de&nbsp;negociaci\u00f3&nbsp;dels criteris d&#8217;aplicaci\u00f3 de la Seguretat Social.<\/p>\n\n\n\n<p>Hem de tenir en compte que, tot i existir alguna sent\u00e8ncia favorable, actualment, el criteri d&#8217;aplicaci\u00f3 del Decret de la Seguretat Social, no computa aquest temps.<\/p>\n\n\n\n<div data-wp-interactive=\"core\/file\" class=\"wp-block-file\"><object data-wp-bind--hidden=\"!state.hasPdfPreview\" hidden class=\"wp-block-file__embed\" data=\"https:\/\/ccoo.app\/agrupacio-policialocal\/wp-content\/blogs.dir\/6\/files\/sites\/152\/2024\/07\/Nota-sobre-el-comput-dels-interins-si-cotitzaven-com-Policies-Locals.pdf\" type=\"application\/pdf\" style=\"width:100%;height:600px\" aria-label=\"Incrustado de Nota sobre el c\u00f2mput dels interins si cotitzaven com Policies Locals.\"><\/object><a id=\"wp-block-file--media-300184ee-4a3c-4aa6-b932-45ff8d8621ad\" href=\"https:\/\/ccoo.app\/agrupacio-policialocal\/wp-content\/blogs.dir\/6\/files\/sites\/152\/2024\/07\/Nota-sobre-el-comput-dels-interins-si-cotitzaven-com-Policies-Locals.pdf\">Nota sobre el c\u00f2mput dels interins si cotitzaven com Policies Locals<\/a><a href=\"https:\/\/ccoo.app\/agrupacio-policialocal\/wp-content\/blogs.dir\/6\/files\/sites\/152\/2024\/07\/Nota-sobre-el-comput-dels-interins-si-cotitzaven-com-Policies-Locals.pdf\" class=\"wp-block-file__button wp-element-button\" download aria-describedby=\"wp-block-file--media-300184ee-4a3c-4aa6-b932-45ff8d8621ad\">Descarga<\/a><\/div>\n","protected":false},"excerpt":{"rendered":"<p>Aquesta nota,&nbsp;es&nbsp;fa arran d&#8217;una consulta sobre aquest tema i fa unes&nbsp;consideracions&nbsp;jur\u00eddiques importants per&nbsp;recon\u00e8ixer&nbsp;el temps cotitzat com inter\u00ed, que CCOO ja ha esposat en les taules de&nbsp;negociaci\u00f3&nbsp;dels criteris d&#8217;aplicaci\u00f3 de la &#8230; <a title=\"Nota reconeixement temps cotitzat com interins\" class=\"read-more\" href=\"https:\/\/ccoo.app\/agrupacio-policialocal\/nota-reconeixement-temps-cotitzat-com-interins\/\" aria-label=\"Leer m\u00e1s sobre Nota reconeixement temps cotitzat com interins\">Leer m\u00e1s<\/a><\/p>\n","protected":false},"author":4063,"featured_media":3093,"comment_status":"closed","ping_status":"closed","sticky":false,"template":"","format":"standard","meta":{"footnotes":""},"categories":[27,3,33],"tags":[37],"class_list":["post-3541","post","type-post","status-publish","format-standard","has-post-thumbnail","hentry","category-documents","category-noticias","category-sentencies-importants","tag-sentencia-favorable","generate-columns","tablet-grid-50","mobile-grid-100","grid-parent","grid-33"],"_links":{"self":[{"href":"https:\/\/ccoo.app\/agrupacio-policialocal\/wp-json\/wp\/v2\/posts\/3541","targetHints":{"allow":["GET"]}}],"collection":[{"href":"https:\/\/ccoo.app\/agrupacio-policialocal\/wp-json\/wp\/v2\/posts"}],"about":[{"href":"https:\/\/ccoo.app\/agrupacio-policialocal\/wp-json\/wp\/v2\/types\/post"}],"author":[{"embeddable":true,"href":"https:\/\/ccoo.app\/agrupacio-policialocal\/wp-json\/wp\/v2\/users\/4063"}],"replies":[{"embeddable":true,"href":"https:\/\/ccoo.app\/agrupacio-policialocal\/wp-json\/wp\/v2\/comments?post=3541"}],"version-history":[{"count":3,"href":"https:\/\/ccoo.app\/agrupacio-policialocal\/wp-json\/wp\/v2\/posts\/3541\/revisions"}],"predecessor-version":[{"id":3547,"href":"https:\/\/ccoo.app\/agrupacio-policialocal\/wp-json\/wp\/v2\/posts\/3541\/revisions\/3547"}],"wp:featuredmedia":[{"embeddable":true,"href":"https:\/\/ccoo.app\/agrupacio-policialocal\/wp-json\/wp\/v2\/media\/3093"}],"wp:attachment":[{"href":"https:\/\/ccoo.app\/agrupacio-policialocal\/wp-json\/wp\/v2\/media?parent=3541"}],"wp:term":[{"taxonomy":"category","embeddable":true,"href":"https:\/\/ccoo.app\/agrupacio-policialocal\/wp-json\/wp\/v2\/categories?post=3541"},{"taxonomy":"post_tag","embeddable":true,"href":"https:\/\/ccoo.app\/agrupacio-policialocal\/wp-json\/wp\/v2\/tags?post=3541"}],"curies":[{"name":"wp","href":"https:\/\/api.w.org\/{rel}","templated":true}]}}