{"id":3515,"date":"2024-05-17T16:04:05","date_gmt":"2024-05-17T14:04:05","guid":{"rendered":"https:\/\/ccoo.app\/agrupacio-policialocal\/?p=3515"},"modified":"2024-05-17T16:08:20","modified_gmt":"2024-05-17T14:08:20","slug":"plenari-de-lapl","status":"publish","type":"post","link":"https:\/\/ccoo.app\/agrupacio-policialocal\/plenari-de-lapl\/","title":{"rendered":"Plenari de l&#8217;APL"},"content":{"rendered":"\n<p>El passat dia 26 d&#8217;abril l&#8217;Agrupaci\u00f3 de Policies Locals de Catalunya va celebrar un plenari de tots els delegats i delegades de l&#8217;agrupaci\u00f3 en la Sala 11 de la seu de CCOO en Via Laietana.<\/p>\n\n\n\n<p>Durant aquest plenari, el seu coordinador Alberto Rubio, va exposar tots els temes que s&#8217;han portat a terme durant aquesta legislatura, les complicacions que han tingut amb les empreses de formaci\u00f3, tant amb l&#8217;antiga empresa ESSPOL com amb l&#8217;actual \u00d3RBITA GIRONINA, i que al final, per intentar donar-li una soluci\u00f3 definitiva, optaran per oferir els cursos directament des de la nostra empresa FUNDACI\u00d3 PACO PUERTO.<\/p>\n\n\n\n<p>Tamb\u00e9 es van parlar d&#8217;altres temes importants com la comunicaci\u00f3 a les nostres afiliades i afiliats, el proc\u00e9s d&#8217;estabilitat dels policies locals, de com s&#8217;ha portat a terme i dels problemes que has sorgit per poder-los portar a terme, La proposta feta per l&#8217;APL per fer una nova Llei de Policies Locals de Catalunya, amb tots els problemes sorgits, sobretot, per la situaci\u00f3 pol\u00edtica de Catalunya que fa impossible que s&#8217;asseguin a parlar del tema.<\/p>\n\n\n\n<p>Aix\u00ed mateix es va comentar l&#8217;acord amb el bufet d&#8217;advocats Fajula, per tal de donar servei a la petici\u00f3 de les nostres afiliades i afiliats per tenir l&#8217;assist\u00e8ncia jur\u00eddica i se&#8217;ls cobreixin les demandes penals, que puguin tenir, tant en l&#8217;exercici de les seves funcions sindicals com en qualsevol problema que puguin tenir en les seves actuacions policials.<\/p>\n\n\n\n<p>D&#8217;altra banda, el Coordinador de l&#8217;APL, va explicar els problemes que han sorgit per l&#8217;absorci\u00f3 de l&#8217;empresa d&#8217;assegurances Atlantis, que fins ara era l&#8217;empresa d&#8217;assegurances principal de CCOO, per part de l&#8217;empresa AXA. Que donat que l&#8217;empresa AXA no ofereix l&#8217;asseguran\u00e7a per p\u00e8rdues pecuni\u00e0ries, que abans oferia Atlantis, han tingut que fer un acord perqu\u00e8 aquesta asseguran\u00e7a de p\u00e8rdues pecuni\u00e0ries sigui oferta per l&#8217;empresa ARAG.<\/p>\n\n\n\n<p>Tamb\u00e9 van parlar del que queda per fer en l&#8217;APL, del futur de la Policia en Catalunya i dels problemes que han de venir.<\/p>\n\n\n\n<p>Durant la jornada van poder gaudir de l&#8217;exposici\u00f3 del tema la Intel\u00b7lig\u00e8ncia Artificial i el seu impacte en les policies locals, a c\u00e0rrec de la nostra companya Montse Guardi\u00e0, membre de l&#8217;agrupaci\u00f3 i psic\u00f2loga sanit\u00e0ria especialitzada en organitzaci\u00f3 laboral i estudiant del m\u00e0ster de Direcci\u00f3 i Gesti\u00f3 de Recursos Humans, que ens va ensenyar la realitat que, en breu, veurem tant en l&#8217;organitzaci\u00f3 com el la resoluci\u00f3 de conflictes i delictes.<\/p>\n\n\n\n<p>I per \u00faltim, vam poder parlar dels problemes que estan sorgint en l&#8217;aplicaci\u00f3 del Decret 1449\/2018, que estableix el coeficient reductor de l&#8217;edat de jubilaci\u00f3 en favor dels policies locals al servei de les entitats que integren l&#8217;administraci\u00f3 local, o el que habitualment denominem, la jubilaci\u00f3 anticipada del policies locals, que, degut als criteris d&#8217;aplicaci\u00f3 de la Seguretat Social, estan portant una s\u00e8rie de problemes que estan deixant a alguns companys i companyes sense la possibilitat de gaudir d&#8217;una jubilaci\u00f3 tal i com els pertocaria.<\/p>\n\n\n\n<p>En definitiva, un plenari ple de continguts que va servir per encoratjar-nos a continuar treballant en aquest sentit.<\/p>\n\n\n\n<figure class=\"wp-block-image size-large is-resized\"><img loading=\"lazy\" decoding=\"async\" width=\"1024\" height=\"566\" src=\"https:\/\/ccoo.app\/agrupacio-policialocal\/wp-content\/blogs.dir\/6\/files\/sites\/152\/2024\/05\/Invitacio-Plenari-1024x566.jpg\" alt=\"\" class=\"wp-image-3518\" style=\"width:527px;height:auto\" srcset=\"https:\/\/ccoo.app\/agrupacio-policialocal\/wp-content\/blogs.dir\/6\/files\/sites\/152\/2024\/05\/Invitacio-Plenari-1024x566.jpg 1024w, https:\/\/ccoo.app\/agrupacio-policialocal\/wp-content\/blogs.dir\/6\/files\/sites\/152\/2024\/05\/Invitacio-Plenari-300x166.jpg 300w, https:\/\/ccoo.app\/agrupacio-policialocal\/wp-content\/blogs.dir\/6\/files\/sites\/152\/2024\/05\/Invitacio-Plenari-768x424.jpg 768w, https:\/\/ccoo.app\/agrupacio-policialocal\/wp-content\/blogs.dir\/6\/files\/sites\/152\/2024\/05\/Invitacio-Plenari-1536x848.jpg 1536w, https:\/\/ccoo.app\/agrupacio-policialocal\/wp-content\/blogs.dir\/6\/files\/sites\/152\/2024\/05\/Invitacio-Plenari.jpg 1700w\" sizes=\"auto, (max-width: 1024px) 100vw, 1024px\" \/><\/figure>\n\n\n\n<p><\/p>\n","protected":false},"excerpt":{"rendered":"<p>El passat dia 26 d&#8217;abril l&#8217;Agrupaci\u00f3 de Policies Locals de Catalunya va celebrar un plenari de tots els delegats i delegades de l&#8217;agrupaci\u00f3 en la Sala 11 de la seu &#8230; <a title=\"Plenari de l&#8217;APL\" class=\"read-more\" href=\"https:\/\/ccoo.app\/agrupacio-policialocal\/plenari-de-lapl\/\" aria-label=\"Leer m\u00e1s sobre Plenari de l&#8217;APL\">Leer m\u00e1s<\/a><\/p>\n","protected":false},"author":4063,"featured_media":3518,"comment_status":"closed","ping_status":"closed","sticky":false,"template":"","format":"standard","meta":{"footnotes":""},"categories":[3,1],"tags":[],"class_list":["post-3515","post","type-post","status-publish","format-standard","has-post-thumbnail","hentry","category-noticias","category-sin-categoria","generate-columns","tablet-grid-50","mobile-grid-100","grid-parent","grid-33"],"_links":{"self":[{"href":"https:\/\/ccoo.app\/agrupacio-policialocal\/wp-json\/wp\/v2\/posts\/3515","targetHints":{"allow":["GET"]}}],"collection":[{"href":"https:\/\/ccoo.app\/agrupacio-policialocal\/wp-json\/wp\/v2\/posts"}],"about":[{"href":"https:\/\/ccoo.app\/agrupacio-policialocal\/wp-json\/wp\/v2\/types\/post"}],"author":[{"embeddable":true,"href":"https:\/\/ccoo.app\/agrupacio-policialocal\/wp-json\/wp\/v2\/users\/4063"}],"replies":[{"embeddable":true,"href":"https:\/\/ccoo.app\/agrupacio-policialocal\/wp-json\/wp\/v2\/comments?post=3515"}],"version-history":[{"count":4,"href":"https:\/\/ccoo.app\/agrupacio-policialocal\/wp-json\/wp\/v2\/posts\/3515\/revisions"}],"predecessor-version":[{"id":3520,"href":"https:\/\/ccoo.app\/agrupacio-policialocal\/wp-json\/wp\/v2\/posts\/3515\/revisions\/3520"}],"wp:featuredmedia":[{"embeddable":true,"href":"https:\/\/ccoo.app\/agrupacio-policialocal\/wp-json\/wp\/v2\/media\/3518"}],"wp:attachment":[{"href":"https:\/\/ccoo.app\/agrupacio-policialocal\/wp-json\/wp\/v2\/media?parent=3515"}],"wp:term":[{"taxonomy":"category","embeddable":true,"href":"https:\/\/ccoo.app\/agrupacio-policialocal\/wp-json\/wp\/v2\/categories?post=3515"},{"taxonomy":"post_tag","embeddable":true,"href":"https:\/\/ccoo.app\/agrupacio-policialocal\/wp-json\/wp\/v2\/tags?post=3515"}],"curies":[{"name":"wp","href":"https:\/\/api.w.org\/{rel}","templated":true}]}}