{"id":3505,"date":"2024-05-17T13:35:40","date_gmt":"2024-05-17T11:35:40","guid":{"rendered":"https:\/\/ccoo.app\/agrupacio-policialocal\/?p=3505"},"modified":"2024-05-17T13:35:46","modified_gmt":"2024-05-17T11:35:46","slug":"sentencies-que-reconeixen-el-dret-a-cobrar-els-plusos-durant-el-periode-de-vacances","status":"publish","type":"post","link":"https:\/\/ccoo.app\/agrupacio-policialocal\/sentencies-que-reconeixen-el-dret-a-cobrar-els-plusos-durant-el-periode-de-vacances\/","title":{"rendered":"Sent\u00e8ncies que reconeixen el Dret a cobrar els plusos durant el per\u00edode de vacances."},"content":{"rendered":"\n<p class=\"has-text-align-justify\">Fa temps que alguns Policies Locals tenen oberta una demanda perqu\u00e8 els seus respectius ajuntaments no els volen compensar els plusos de nocturnitat, el treball per torns i festivitat durant el per\u00edode de vacances. B\u00e9, doncs ara s&#8217;ha fet p\u00fablica una sent\u00e8ncia del Tribunal Superior de Just\u00edcia de Catalunya que dona la ra\u00f3 als policies especificant que els recurrents tenen dret a percebre aquests plusos durant el per\u00edode de vacances, ja que no es poden considerar extraordinaris, sin\u00f3 que formen part de la seva jornada ordin\u00e0ria. <a href=\"https:\/\/ccoo.app\/agrupacio-policialocal\/wp-content\/blogs.dir\/6\/files\/sites\/152\/2024\/05\/CEMICAL-Nits-vacances-policia-2022.pdf\" target=\"_blank\" aria-label=\"Podeu veure el resum de CEMICAL aqu\u00ed. (opens in a new tab)\" rel=\"noreferrer noopener\" class=\"ek-link\"><span style=\"text-decoration: underline\" class=\"ek-underline\">Podeu veure el resum de CEMICAL aqu\u00ed.<\/span><\/a><\/p>\n\n\n\n<p class=\"has-text-align-justify\">De la mateixa manera, l&#8217;any 2020, un policia Nacional ja va reclamar judicialment una quantia mensual per prestar serveis per torns rotatius, perqu\u00e8 no li va ser compensada en el per\u00edode de vacances, que inicialment li va ser denegada perqu\u00e8 el jutge va considerar que es tractava d&#8217;una gratificaci\u00f3 de car\u00e0cter excepcional i posteriorment, el Tribunal Suprem,  va determinar que el treball a torns no constitueix una contraprestaci\u00f3 per dur a terme serveis extraordinaris, de car\u00e0cter eventuals o aliens a la prestaci\u00f3 ordin\u00e0ria dels serveis propis de la policia, sin\u00f3 que es tracta d&#8217;una compensaci\u00f3 ordin\u00e0ria. Per aix\u00f2 han de formar part necess\u00e0riament de la quantia que t\u00e9 dret a percebre durant les vacances.<span style=\"text-decoration: underline\" class=\"ek-underline\"> <a href=\"https:\/\/ccoo.app\/agrupacio-policialocal\/wp-content\/blogs.dir\/6\/files\/sites\/152\/2024\/05\/CEMICAL-Compensacio-plusos-en-vacances-2020.pdf\" target=\"_blank\" aria-label=\"Podeu veure el resum de CEMICAL aqu\u00ed. (opens in a new tab)\" rel=\"noreferrer noopener\" class=\"ek-link\">Podeu veure el resum de CEMICAL aqu\u00ed.<\/a><\/span><\/p>\n\n\n\n<p class=\"has-text-align-justify\">Aix\u00ed mateix, ja a l&#8217;any 2018, el una sent\u00e8ncia del Tribunal Suprem, ja va dictaminar que de les retribucions de les vacances, nom\u00e9s es poden excloure aquells conceptes que tenen un car\u00e0cter puntual o ocasional, per\u00f2 no els complements que s&#8217;abonen en concepte de plusos i complements relacionats amb les especials circumst\u00e0ncies derivades del tipus d&#8217;activitat. <a aria-label=\"Podeu veure el resum de CEMICAL aqu\u00ed. (opens in a new tab)\" href=\"https:\/\/ccoo.app\/agrupacio-policialocal\/wp-content\/blogs.dir\/6\/files\/sites\/152\/2024\/05\/CEMICAL-Plusos-en-vacances-2018.pdf\" target=\"_blank\" rel=\"noreferrer noopener\" class=\"ek-link\"><span style=\"text-decoration: underline\" class=\"ek-underline\">Podeu veure el resum de CEMICAL aqu\u00ed.<\/span><\/a><\/p>\n\n\n\n<figure class=\"wp-block-image size-large is-resized\"><img loading=\"lazy\" decoding=\"async\" width=\"1024\" height=\"576\" src=\"https:\/\/ccoo.app\/agrupacio-policialocal\/wp-content\/blogs.dir\/6\/files\/sites\/152\/2022\/03\/portada-jurisprodencia-1024x576.png\" alt=\"Portada Jurisprod\u00e8ncia\" class=\"wp-image-3093\" style=\"width:349px;height:auto\" srcset=\"https:\/\/ccoo.app\/agrupacio-policialocal\/wp-content\/blogs.dir\/6\/files\/sites\/152\/2022\/03\/portada-jurisprodencia-1024x576.png 1024w, https:\/\/ccoo.app\/agrupacio-policialocal\/wp-content\/blogs.dir\/6\/files\/sites\/152\/2022\/03\/portada-jurisprodencia-300x169.png 300w, https:\/\/ccoo.app\/agrupacio-policialocal\/wp-content\/blogs.dir\/6\/files\/sites\/152\/2022\/03\/portada-jurisprodencia-768x432.png 768w, https:\/\/ccoo.app\/agrupacio-policialocal\/wp-content\/blogs.dir\/6\/files\/sites\/152\/2022\/03\/portada-jurisprodencia-1536x864.png 1536w, https:\/\/ccoo.app\/agrupacio-policialocal\/wp-content\/blogs.dir\/6\/files\/sites\/152\/2022\/03\/portada-jurisprodencia-2048x1152.png 2048w\" sizes=\"auto, (max-width: 1024px) 100vw, 1024px\" \/><\/figure>\n","protected":false},"excerpt":{"rendered":"<p>Sent\u00e8ncies que reconeixen el Dret a cobrar els plusos durant el per\u00edode de vacances.<\/p>\n","protected":false},"author":4063,"featured_media":3093,"comment_status":"closed","ping_status":"closed","sticky":false,"template":"","format":"standard","meta":{"footnotes":""},"categories":[3,33],"tags":[],"class_list":["post-3505","post","type-post","status-publish","format-standard","has-post-thumbnail","hentry","category-noticias","category-sentencies-importants","generate-columns","tablet-grid-50","mobile-grid-100","grid-parent","grid-33"],"_links":{"self":[{"href":"https:\/\/ccoo.app\/agrupacio-policialocal\/wp-json\/wp\/v2\/posts\/3505","targetHints":{"allow":["GET"]}}],"collection":[{"href":"https:\/\/ccoo.app\/agrupacio-policialocal\/wp-json\/wp\/v2\/posts"}],"about":[{"href":"https:\/\/ccoo.app\/agrupacio-policialocal\/wp-json\/wp\/v2\/types\/post"}],"author":[{"embeddable":true,"href":"https:\/\/ccoo.app\/agrupacio-policialocal\/wp-json\/wp\/v2\/users\/4063"}],"replies":[{"embeddable":true,"href":"https:\/\/ccoo.app\/agrupacio-policialocal\/wp-json\/wp\/v2\/comments?post=3505"}],"version-history":[{"count":3,"href":"https:\/\/ccoo.app\/agrupacio-policialocal\/wp-json\/wp\/v2\/posts\/3505\/revisions"}],"predecessor-version":[{"id":3511,"href":"https:\/\/ccoo.app\/agrupacio-policialocal\/wp-json\/wp\/v2\/posts\/3505\/revisions\/3511"}],"wp:featuredmedia":[{"embeddable":true,"href":"https:\/\/ccoo.app\/agrupacio-policialocal\/wp-json\/wp\/v2\/media\/3093"}],"wp:attachment":[{"href":"https:\/\/ccoo.app\/agrupacio-policialocal\/wp-json\/wp\/v2\/media?parent=3505"}],"wp:term":[{"taxonomy":"category","embeddable":true,"href":"https:\/\/ccoo.app\/agrupacio-policialocal\/wp-json\/wp\/v2\/categories?post=3505"},{"taxonomy":"post_tag","embeddable":true,"href":"https:\/\/ccoo.app\/agrupacio-policialocal\/wp-json\/wp\/v2\/tags?post=3505"}],"curies":[{"name":"wp","href":"https:\/\/api.w.org\/{rel}","templated":true}]}}