{"id":3297,"date":"2023-07-21T12:52:20","date_gmt":"2023-07-21T10:52:20","guid":{"rendered":"https:\/\/ccoo.app\/agrupacio-policialocal\/?p=3297"},"modified":"2023-07-25T08:22:20","modified_gmt":"2023-07-25T06:22:20","slug":"funcions-de-les-policies-locals-a-les-eleccions","status":"publish","type":"post","link":"https:\/\/ccoo.app\/agrupacio-policialocal\/funcions-de-les-policies-locals-a-les-eleccions\/","title":{"rendered":"Funcions de les Policies Locals a les eleccions"},"content":{"rendered":"\n<p><\/p>\n\n\n\n<h2 class=\"wp-block-heading\">Aquesta fitxa sindical,&nbsp;pret\u00e9n&nbsp;donar les nocions b\u00e0siques per als cossos de policials que vetllaran per la seguretat en les eleccions generals del&nbsp;pr\u00f2xim dia 23&nbsp;de juliol.<\/h2>\n\n\n\n<hr class=\"wp-block-separator has-alpha-channel-opacity\"\/>\n\n\n\n<p>Aquesta fitxa, tot i que s&#8217;ha personalitzat en aquestes eleccions generals que venen&nbsp;del pr\u00f2xim diumenge dia 23 de juliol de 2023, \u00e9s v\u00e0lida per a qualsevol de les altres eleccions que es facin, ja que, de manera gen\u00e8rica, nom\u00e9s pret\u00e9n donar les nocions b\u00e0siques d&#8217;actuaci\u00f3 i la normativa que s&#8217;ha d&#8217;aplicar en cada cas.<\/p>\n\n\n\n<p>D&#8217;aquesta manera hem dividit les funcions que s&#8217;han de fer en; Funci\u00f3 Principal, Al col\u00b7legi electoral, durant el desenvolupament de la jornada i la normativa aplicable en aquest cas.<\/p>\n\n\n\n<figure class=\"wp-block-image size-large\"><img loading=\"lazy\" decoding=\"async\" width=\"724\" height=\"1024\" src=\"https:\/\/ccoo.app\/agrupacio-policialocal\/wp-content\/blogs.dir\/6\/files\/sites\/152\/2023\/07\/descarga-724x1024.png\" alt=\"Descarga\" class=\"wp-image-3298\" srcset=\"https:\/\/ccoo.app\/agrupacio-policialocal\/wp-content\/blogs.dir\/6\/files\/sites\/152\/2023\/07\/descarga-724x1024.png 724w, https:\/\/ccoo.app\/agrupacio-policialocal\/wp-content\/blogs.dir\/6\/files\/sites\/152\/2023\/07\/descarga-212x300.png 212w, https:\/\/ccoo.app\/agrupacio-policialocal\/wp-content\/blogs.dir\/6\/files\/sites\/152\/2023\/07\/descarga-768x1086.png 768w, https:\/\/ccoo.app\/agrupacio-policialocal\/wp-content\/blogs.dir\/6\/files\/sites\/152\/2023\/07\/descarga-1086x1536.png 1086w, https:\/\/ccoo.app\/agrupacio-policialocal\/wp-content\/blogs.dir\/6\/files\/sites\/152\/2023\/07\/descarga.png 1240w\" sizes=\"auto, (max-width: 724px) 100vw, 724px\" \/><\/figure>\n\n\n\n<a class=\"gb-button gb-button-06281897 gb-button-text\" href=\"https:\/\/ccoo.app\/agrupacio-policialocal\/wp-admin\/upload.php?item=3300\" target=\"_blank\" rel=\"noopener noreferrer\">Descarrega la fitxa<\/a>\n","protected":false},"excerpt":{"rendered":"<p>Aquesta fitxa sindical,&nbsp;pret\u00e9n&nbsp;donar les nocions b\u00e0siques per als cossos de policials que vetllaran per la seguretat en les eleccions generals del&nbsp;pr\u00f2xim dia 23&nbsp;de juliol. Aquesta fitxa, tot i que s&#8217;ha &#8230; <a title=\"Funcions de les Policies Locals a les eleccions\" class=\"read-more\" href=\"https:\/\/ccoo.app\/agrupacio-policialocal\/funcions-de-les-policies-locals-a-les-eleccions\/\" aria-label=\"Leer m\u00e1s sobre Funcions de les Policies Locals a les eleccions\">Leer m\u00e1s<\/a><\/p>\n","protected":false},"author":4063,"featured_media":3311,"comment_status":"closed","ping_status":"closed","sticky":false,"template":"","format":"standard","meta":{"footnotes":""},"categories":[27,42,23,3],"tags":[],"class_list":["post-3297","post","type-post","status-publish","format-standard","has-post-thumbnail","hentry","category-documents","category-fitxes-sindicals","category-general","category-noticias","generate-columns","tablet-grid-50","mobile-grid-100","grid-parent","grid-33"],"_links":{"self":[{"href":"https:\/\/ccoo.app\/agrupacio-policialocal\/wp-json\/wp\/v2\/posts\/3297","targetHints":{"allow":["GET"]}}],"collection":[{"href":"https:\/\/ccoo.app\/agrupacio-policialocal\/wp-json\/wp\/v2\/posts"}],"about":[{"href":"https:\/\/ccoo.app\/agrupacio-policialocal\/wp-json\/wp\/v2\/types\/post"}],"author":[{"embeddable":true,"href":"https:\/\/ccoo.app\/agrupacio-policialocal\/wp-json\/wp\/v2\/users\/4063"}],"replies":[{"embeddable":true,"href":"https:\/\/ccoo.app\/agrupacio-policialocal\/wp-json\/wp\/v2\/comments?post=3297"}],"version-history":[{"count":4,"href":"https:\/\/ccoo.app\/agrupacio-policialocal\/wp-json\/wp\/v2\/posts\/3297\/revisions"}],"predecessor-version":[{"id":3326,"href":"https:\/\/ccoo.app\/agrupacio-policialocal\/wp-json\/wp\/v2\/posts\/3297\/revisions\/3326"}],"wp:featuredmedia":[{"embeddable":true,"href":"https:\/\/ccoo.app\/agrupacio-policialocal\/wp-json\/wp\/v2\/media\/3311"}],"wp:attachment":[{"href":"https:\/\/ccoo.app\/agrupacio-policialocal\/wp-json\/wp\/v2\/media?parent=3297"}],"wp:term":[{"taxonomy":"category","embeddable":true,"href":"https:\/\/ccoo.app\/agrupacio-policialocal\/wp-json\/wp\/v2\/categories?post=3297"},{"taxonomy":"post_tag","embeddable":true,"href":"https:\/\/ccoo.app\/agrupacio-policialocal\/wp-json\/wp\/v2\/tags?post=3297"}],"curies":[{"name":"wp","href":"https:\/\/api.w.org\/{rel}","templated":true}]}}