{"id":3260,"date":"2023-02-03T13:52:02","date_gmt":"2023-02-03T12:52:02","guid":{"rendered":"https:\/\/ccoo.app\/agrupacio-policialocal\/?p=3260"},"modified":"2023-05-31T07:52:19","modified_gmt":"2023-05-31T05:52:19","slug":"per-un-nou-model-de-policia-a-catalunya","status":"publish","type":"post","link":"https:\/\/ccoo.app\/agrupacio-policialocal\/per-un-nou-model-de-policia-a-catalunya\/","title":{"rendered":"PER UN NOU MODEL DE POLICIA A CATALUNYA"},"content":{"rendered":"\n<p>Des de l\u2019Agrupaci\u00f3 de Policies Locals de Catalunya de <strong>CCOO<\/strong> (APL), hem fet un estudi exhaustiu de la Llei 16\/1991, de les Policies Locals de Catalunya, per tal d\u2019arribar a un seguit de conclusions que demostren que aquesta Llei no nom\u00e9s \u00e9s antiga i obsoleta, sin\u00f3 que <strong>NO<\/strong> reflecteix la realitat actual de les Policies Locals i Vigilants de Catalunya i que demostra <strong><u>la necessitat imperiosa que es redacti una nova norma JA!!!.<\/u><\/strong><\/p>\n\n\n\n<p>Per aquesta q\u00fcesti\u00f3, des de l\u2019APL hem instat i instarem el Govern de Catalunya i la resta de partits pol\u00edtics del Parlament de Catalunya, no nom\u00e9s a derogar l\u2019actual Llei 16\/1991, sin\u00f3 <strong><u>a fer una nova Llei de Policia de Catalunya<\/u><\/strong>, que vagi acord amb la realitat actual i que solucioni, d\u2019una vegada per totes, els problemes que continuen existint en el projecte de Seguretat P\u00fablica de Catalunya.<\/p>\n\n\n\n<p>Perqu\u00e8 defensem els serveis p\u00fablics i de qualitat, <strong>CCOO<\/strong> creu absolutament necessari <strong>PROFESSIONALITZAR, FEMINITZAR, REJOVENIR I DOTAR DE CONTINGUTS<\/strong> tots els Cossos de les Policies Locals, i per aconseguir-ho demanem:<\/p>\n\n\n\n<p class=\"has-text-align-center\"><a class=\"ek-link\"><strong>NO VOLEM QUEDAR-NOS CURTS EN LES NOSTRES DEMANDES<\/strong><\/a><\/p>\n\n\n\n<p class=\"has-text-align-center\"><strong>VOLEM UNA NORMA COMPLETA, REAL, EFECTIVA I MODERNA<\/strong><\/p>\n\n\n\n<p class=\"has-text-align-center\"><strong><em>PER UNA POLICIA PROFESIONAL I DE PRIMERA<\/em><\/strong><\/p>\n\n\n\n<figure class=\"wp-block-gallery has-nested-images columns-default is-cropped wp-block-gallery-1 is-layout-flex wp-block-gallery-is-layout-flex\">\n<figure class=\"wp-block-image size-large\"><img loading=\"lazy\" decoding=\"async\" width=\"724\" height=\"1024\" data-id=\"3263\" src=\"https:\/\/ccoo.app\/agrupacio-policialocal\/wp-content\/blogs.dir\/6\/files\/sites\/152\/2023\/02\/infografia-policia-724x1024.jpg\" alt=\"Infografia Policia\" class=\"wp-image-3263\" srcset=\"https:\/\/ccoo.app\/agrupacio-policialocal\/wp-content\/blogs.dir\/6\/files\/sites\/152\/2023\/02\/infografia-policia-724x1024.jpg 724w, https:\/\/ccoo.app\/agrupacio-policialocal\/wp-content\/blogs.dir\/6\/files\/sites\/152\/2023\/02\/infografia-policia-212x300.jpg 212w, https:\/\/ccoo.app\/agrupacio-policialocal\/wp-content\/blogs.dir\/6\/files\/sites\/152\/2023\/02\/infografia-policia-768x1086.jpg 768w, https:\/\/ccoo.app\/agrupacio-policialocal\/wp-content\/blogs.dir\/6\/files\/sites\/152\/2023\/02\/infografia-policia-1086x1536.jpg 1086w, https:\/\/ccoo.app\/agrupacio-policialocal\/wp-content\/blogs.dir\/6\/files\/sites\/152\/2023\/02\/infografia-policia-1448x2048.jpg 1448w, https:\/\/ccoo.app\/agrupacio-policialocal\/wp-content\/blogs.dir\/6\/files\/sites\/152\/2023\/02\/infografia-policia.jpg 1754w\" sizes=\"auto, (max-width: 724px) 100vw, 724px\" \/><\/figure>\n<\/figure>\n","protected":false},"excerpt":{"rendered":"<p>Des de l\u2019Agrupaci\u00f3 de Policies Locals de Catalunya de CCOO (APL), hem fet un estudi exhaustiu de la Llei 16\/1991, de les Policies Locals de Catalunya, per tal d\u2019arribar a &#8230; <a title=\"PER UN NOU MODEL DE POLICIA A CATALUNYA\" class=\"read-more\" href=\"https:\/\/ccoo.app\/agrupacio-policialocal\/per-un-nou-model-de-policia-a-catalunya\/\" aria-label=\"Leer m\u00e1s sobre PER UN NOU MODEL DE POLICIA A CATALUNYA\">Leer m\u00e1s<\/a><\/p>\n","protected":false},"author":4063,"featured_media":3269,"comment_status":"closed","ping_status":"closed","sticky":false,"template":"","format":"standard","meta":{"footnotes":""},"categories":[23,3,1],"tags":[],"class_list":["post-3260","post","type-post","status-publish","format-standard","has-post-thumbnail","hentry","category-general","category-noticias","category-sin-categoria","generate-columns","tablet-grid-50","mobile-grid-100","grid-parent","grid-33"],"_links":{"self":[{"href":"https:\/\/ccoo.app\/agrupacio-policialocal\/wp-json\/wp\/v2\/posts\/3260","targetHints":{"allow":["GET"]}}],"collection":[{"href":"https:\/\/ccoo.app\/agrupacio-policialocal\/wp-json\/wp\/v2\/posts"}],"about":[{"href":"https:\/\/ccoo.app\/agrupacio-policialocal\/wp-json\/wp\/v2\/types\/post"}],"author":[{"embeddable":true,"href":"https:\/\/ccoo.app\/agrupacio-policialocal\/wp-json\/wp\/v2\/users\/4063"}],"replies":[{"embeddable":true,"href":"https:\/\/ccoo.app\/agrupacio-policialocal\/wp-json\/wp\/v2\/comments?post=3260"}],"version-history":[{"count":4,"href":"https:\/\/ccoo.app\/agrupacio-policialocal\/wp-json\/wp\/v2\/posts\/3260\/revisions"}],"predecessor-version":[{"id":3270,"href":"https:\/\/ccoo.app\/agrupacio-policialocal\/wp-json\/wp\/v2\/posts\/3260\/revisions\/3270"}],"wp:featuredmedia":[{"embeddable":true,"href":"https:\/\/ccoo.app\/agrupacio-policialocal\/wp-json\/wp\/v2\/media\/3269"}],"wp:attachment":[{"href":"https:\/\/ccoo.app\/agrupacio-policialocal\/wp-json\/wp\/v2\/media?parent=3260"}],"wp:term":[{"taxonomy":"category","embeddable":true,"href":"https:\/\/ccoo.app\/agrupacio-policialocal\/wp-json\/wp\/v2\/categories?post=3260"},{"taxonomy":"post_tag","embeddable":true,"href":"https:\/\/ccoo.app\/agrupacio-policialocal\/wp-json\/wp\/v2\/tags?post=3260"}],"curies":[{"name":"wp","href":"https:\/\/api.w.org\/{rel}","templated":true}]}}