{"id":3222,"date":"2023-01-29T16:22:59","date_gmt":"2023-01-29T15:22:59","guid":{"rendered":"https:\/\/ccoo.app\/agrupacio-policialocal\/?p=3222"},"modified":"2023-05-31T07:56:12","modified_gmt":"2023-05-31T05:56:12","slug":"es-guanya-sentencia-dun-afiliat","status":"publish","type":"post","link":"https:\/\/ccoo.app\/agrupacio-policialocal\/es-guanya-sentencia-dun-afiliat\/","title":{"rendered":"ES GUANYA SENT\u00c8NCIA D&#8217;UN AFILIAT"},"content":{"rendered":"\n<h1 class=\"wp-block-heading\"><img loading=\"lazy\" decoding=\"async\" width=\"160\" height=\"160\" class=\"wp-image-3223 alignright\" src=\"https:\/\/ccoo.app\/agrupacio-policialocal\/wp-content\/blogs.dir\/6\/files\/sites\/152\/2023\/01\/word-image-3222-1.jpeg\" srcset=\"https:\/\/ccoo.app\/agrupacio-policialocal\/wp-content\/blogs.dir\/6\/files\/sites\/152\/2023\/01\/word-image-3222-1.jpeg 160w, https:\/\/ccoo.app\/agrupacio-policialocal\/wp-content\/blogs.dir\/6\/files\/sites\/152\/2023\/01\/word-image-3222-1-150x150.jpeg 150w\" sizes=\"auto, (max-width: 160px) 100vw, 160px\" \/><br><img loading=\"lazy\" decoding=\"async\" width=\"338\" height=\"107\" class=\"wp-image-3224 alignleft\" src=\"https:\/\/ccoo.app\/agrupacio-policialocal\/wp-content\/blogs.dir\/6\/files\/sites\/152\/2023\/01\/word-image-3222-2.jpeg\" srcset=\"https:\/\/ccoo.app\/agrupacio-policialocal\/wp-content\/blogs.dir\/6\/files\/sites\/152\/2023\/01\/word-image-3222-2.jpeg 338w, https:\/\/ccoo.app\/agrupacio-policialocal\/wp-content\/blogs.dir\/6\/files\/sites\/152\/2023\/01\/word-image-3222-2-300x95.jpeg 300w\" sizes=\"auto, (max-width: 338px) 100vw, 338px\" \/><\/h1>\n\n\n\n<h1 class=\"wp-block-heading\">&nbsp;<\/h1>\n\n\n\n<h1 class=\"wp-block-heading\">&nbsp;<\/h1>\n\n\n\n<h1 class=\"wp-block-heading\">&nbsp;<\/h1>\n\n\n\n<h1 class=\"wp-block-heading has-text-align-center\"><span style=\"color: #ff0000\"><strong>INFORMA<\/strong><\/span><\/h1>\n\n\n\n<h3 class=\"wp-block-heading\"><strong>CCOO GUANYEM SENT\u00c8NCIA EN RELACI\u00d3 AL DRET A L\u2019ABONAMENT DE LES DESPESES PER DESPLA\u00c7AMENTS DINS DE LES OBLIGACIONS LEGALS COM AGENTS DE L\u2019AUTORITAT.<\/strong><\/h3>\n\n\n\n<p>Dret d\u2019aplicaci\u00f3 tot i que els despla\u00e7aments responguin a actuacions com Agent de Policia a un ajuntament diferent al que actualment presta serveis.<\/p>\n\n\n\n<p>D\u2019acord amb el que indica l\u2019article 10.1.1\u00b7 de la <em>Llei 16\/1991, de 10 de juliol <\/em>i l\u2019article 410 de la <em>Ley de Enjuiciamiento Criminal <\/em>, s\u2019han de complir amb totes les citacions judicials relatives a intervencions en actes de servei rebudes pels agents.<\/p>\n\n\n\n<p>No obstant aix\u00f2, l\u2019ajuntament de Tossa de Mar va determinar no pagar les despeses reclamades al demandant al\u00b7legant que els despla\u00e7aments als jutjats responien a actuacions realitzades, en comissi\u00f3 de servei, com a policia d\u2019un altra ajuntament, en concret de Castell-Platja d\u2019Aro.<\/p>\n\n\n\n<p>La sent\u00e8ncia assenyala que l\u2019Acord de condicions de treball pel personal que presta servei a l\u2019Ajuntament de Tossa recull la <em>Indemnitzaci\u00f3 per ra\u00f3 de servei <\/em>i que hist\u00f2ricament la plantilla de Policies ha percebut les despeses per la assist\u00e8ncia a judicis com a conseq\u00fc\u00e8ncia de tasques policials.<\/p>\n\n\n\n<p>\u00c9s sorprenent que com a resultat de les peticions del demandant, fins i tot l\u2019ajuntament va emetre un ordre interna ampliant la prohibici\u00f3 a tota la plantilla contravenint la pr\u00e0ctica habitual i vulnerant aix\u00ed la doctrina en dret de que no es poden anar en contra dels actes propis.<\/p>\n\n\n\n<p>La sent\u00e8ncia dona la ra\u00f3 al demandant i afiliat a CCOO i condemna a l\u2019ajuntament de Tossa al pagament de les quanties reclamades, un total de 1080 euros. Afegir que hi han altres persones afectades i que, a partir d&#8217;aquesta sent\u00e8ncia, tamb\u00e9 es veuran beneficiades.<\/p>\n\n\n\n<p>Cal finalment posar en valor que la sent\u00e8ncia n\u00fam.260\/22 del jutjat contenci\u00f3s administratiu 1 de Girona ha estat guanyada per l&#8217;advocat <em>Gerard Mart\u00ednez Puga <\/em>del Gabinet Tecnic-jur\u00eddic de CCOO Catalunya com a conseq\u00fc\u00e8ncia de la seva gran professionalitat.<\/p>\n\n\n\n<p class=\"has-text-align-center has-accent-color has-text-color\"><strong>AGRUPACI\u00d3 DE POLICIES LOCALS DE CATALUNYA DE CCOO<\/strong><\/p>\n\n\n<div class=\"wp-block-image\">\n<figure class=\"alignleft\"><img loading=\"lazy\" decoding=\"async\" width=\"334\" height=\"131\" src=\"https:\/\/ccoo.app\/agrupacio-policialocal\/wp-content\/blogs.dir\/6\/files\/sites\/152\/2023\/01\/word-image-3222-3.png\" alt=\"\" class=\"wp-image-3225\" srcset=\"https:\/\/ccoo.app\/agrupacio-policialocal\/wp-content\/blogs.dir\/6\/files\/sites\/152\/2023\/01\/word-image-3222-3.png 334w, https:\/\/ccoo.app\/agrupacio-policialocal\/wp-content\/blogs.dir\/6\/files\/sites\/152\/2023\/01\/word-image-3222-3-300x118.png 300w\" sizes=\"auto, (max-width: 334px) 100vw, 334px\" \/><\/figure>\n<\/div>\n\n\n<p class=\"has-text-align-right\"><strong><em>AGRUPACI\u00d3 DE POLICIES LOCALS DE CATALUNYA<\/em><\/strong><\/p>\n\n\n\n<p class=\"has-text-align-right\"><strong><em>Via Laietana, 16, 08003 Barcelona <\/em><\/strong><a href=\"mailto:policialocal@ccoo.cat\"><strong><em>policialocal@ccoo.cat<\/em><\/strong><\/a><strong><em> <\/em><\/strong><\/p>\n\n\n\n<p class=\"has-text-align-right\"><strong><em>@APLCCOO #APLCCOOPOLICIA<\/em><\/strong><\/p>\n","protected":false},"excerpt":{"rendered":"<p>&nbsp; &nbsp; &nbsp; INFORMA CCOO GUANYEM SENT\u00c8NCIA EN RELACI\u00d3 AL DRET A L\u2019ABONAMENT DE LES DESPESES PER DESPLA\u00c7AMENTS DINS DE LES OBLIGACIONS LEGALS COM AGENTS DE L\u2019AUTORITAT. Dret d\u2019aplicaci\u00f3 tot &#8230; <a title=\"ES GUANYA SENT\u00c8NCIA D&#8217;UN AFILIAT\" class=\"read-more\" href=\"https:\/\/ccoo.app\/agrupacio-policialocal\/es-guanya-sentencia-dun-afiliat\/\" aria-label=\"Leer m\u00e1s sobre ES GUANYA SENT\u00c8NCIA D&#8217;UN AFILIAT\">Leer m\u00e1s<\/a><\/p>\n","protected":false},"author":6,"featured_media":3093,"comment_status":"closed","ping_status":"closed","sticky":true,"template":"","format":"standard","meta":{"footnotes":""},"categories":[23,3,33],"tags":[37],"class_list":["post-3222","post","type-post","status-publish","format-standard","has-post-thumbnail","hentry","category-general","category-noticias","category-sentencies-importants","tag-sentencia-favorable","generate-columns","tablet-grid-50","mobile-grid-100","grid-parent","grid-33"],"_links":{"self":[{"href":"https:\/\/ccoo.app\/agrupacio-policialocal\/wp-json\/wp\/v2\/posts\/3222","targetHints":{"allow":["GET"]}}],"collection":[{"href":"https:\/\/ccoo.app\/agrupacio-policialocal\/wp-json\/wp\/v2\/posts"}],"about":[{"href":"https:\/\/ccoo.app\/agrupacio-policialocal\/wp-json\/wp\/v2\/types\/post"}],"author":[{"embeddable":true,"href":"https:\/\/ccoo.app\/agrupacio-policialocal\/wp-json\/wp\/v2\/users\/6"}],"replies":[{"embeddable":true,"href":"https:\/\/ccoo.app\/agrupacio-policialocal\/wp-json\/wp\/v2\/comments?post=3222"}],"version-history":[{"count":4,"href":"https:\/\/ccoo.app\/agrupacio-policialocal\/wp-json\/wp\/v2\/posts\/3222\/revisions"}],"predecessor-version":[{"id":3273,"href":"https:\/\/ccoo.app\/agrupacio-policialocal\/wp-json\/wp\/v2\/posts\/3222\/revisions\/3273"}],"wp:featuredmedia":[{"embeddable":true,"href":"https:\/\/ccoo.app\/agrupacio-policialocal\/wp-json\/wp\/v2\/media\/3093"}],"wp:attachment":[{"href":"https:\/\/ccoo.app\/agrupacio-policialocal\/wp-json\/wp\/v2\/media?parent=3222"}],"wp:term":[{"taxonomy":"category","embeddable":true,"href":"https:\/\/ccoo.app\/agrupacio-policialocal\/wp-json\/wp\/v2\/categories?post=3222"},{"taxonomy":"post_tag","embeddable":true,"href":"https:\/\/ccoo.app\/agrupacio-policialocal\/wp-json\/wp\/v2\/tags?post=3222"}],"curies":[{"name":"wp","href":"https:\/\/api.w.org\/{rel}","templated":true}]}}