{"id":3191,"date":"2022-12-14T19:57:40","date_gmt":"2022-12-14T18:57:40","guid":{"rendered":"https:\/\/ccoo.app\/agrupacio-policialocal\/?p=3191"},"modified":"2022-12-14T19:57:42","modified_gmt":"2022-12-14T18:57:42","slug":"ja-nhi-ha-prou","status":"publish","type":"post","link":"https:\/\/ccoo.app\/agrupacio-policialocal\/ja-nhi-ha-prou\/","title":{"rendered":"JA N&#8217;HI HA PROU !!!"},"content":{"rendered":"\n<p>COMUNICAT DE PREMSA VERS LA SITUACI\u00d3 CR\u00cdTICA DE LA POLICIA LOCAL DE TOSSA <\/p>\n\n\n<p><img loading=\"lazy\" decoding=\"async\" width=\"1231\" height=\"263\" class=\"wp-image-3193\" src=\"https:\/\/ccoo.app\/agrupacio-policialocal\/wp-content\/blogs.dir\/6\/files\/sites\/152\/2022\/12\/word-image-3191-1.png\" srcset=\"https:\/\/ccoo.app\/agrupacio-policialocal\/wp-content\/blogs.dir\/6\/files\/sites\/152\/2022\/12\/word-image-3191-1.png 1231w, https:\/\/ccoo.app\/agrupacio-policialocal\/wp-content\/blogs.dir\/6\/files\/sites\/152\/2022\/12\/word-image-3191-1-300x64.png 300w, https:\/\/ccoo.app\/agrupacio-policialocal\/wp-content\/blogs.dir\/6\/files\/sites\/152\/2022\/12\/word-image-3191-1-1024x219.png 1024w, https:\/\/ccoo.app\/agrupacio-policialocal\/wp-content\/blogs.dir\/6\/files\/sites\/152\/2022\/12\/word-image-3191-1-768x164.png 768w\" sizes=\"auto, (max-width: 1231px) 100vw, 1231px\" \/><\/p>\n<p>COMUNICAT DE PREMSA VERS LA SITUACI\u00d3 CR\u00cdTICA DE LA POLICIA LOCAL DE TOSSA DE MAR<strong>.<em> JA N\u2019HI HA PROU !!!<\/em><\/strong><\/p>\n<p>Gran part de la plantilla est\u00e0 formada per agents interins, que no poden desenvolupar les mateixes funcions que un agent de carrera, sobrecarregant de feina i responsabilitat dels agents de carrera. En els darrers mesos nom\u00e9s hi ha un agent de carrera per torn.<\/p>\n<p>Per \u00faltim fer p\u00fablic que, tot i venir a fer ampliaci\u00f3 de jornada i hores extraordin\u00e0ries, el sous son molt per sota de policies locals de poblacions properes i amb dimensions similars. Es deuen hores treballades de m\u00e9s. Es deneguen les recuperacions d\u2019hores i l\u2019ajuntament ha em\u00e8s un decret on fixa que a partir del 15 de gener totes aquestes hores es perdran, quan saben que son hores treballades que no es poden perdre, donat que no son assumptes propis donat que la policia no te.<\/p>\n<p>Davant d\u2019aquesta situaci\u00f3 insostenible, diem que JA N\u2019HI HA PROU. L\u2019alcalde es nega Context<\/p>\n<p>Els agents de la Policia Local han arribat al l\u00edmit. La Policia Local de Tossa \u00e9s l\u2019\u00fanic servei que est\u00e0 a disposici\u00f3 del poble les 24 hores del dia i els 365 dies de l\u2019any. Durant la nit, i amb el tancament del CAP (de 20 a 8 hores),la policia \u00e9s qui dispensa atenci\u00f3 al ciutad\u00e0 les 24 hores ja sigui per un problema dom\u00e8stic, m\u00e8dic o de qualsevol altra \u00edndole. A difer\u00e8ncia d\u2019altres policies locals de l\u2019entorn com Lloret o Blanes, Tossa no disposa de comissaria dels Mossos d\u2019Esquadra. Per tant, ens toca assumir serveis i emerg\u00e8ncies derivats pels propis mossos i que afecten la nostra poblaci\u00f3, els mateixos agents demanen dia rere dia que s\u2019ampli\u00efn les places dels Policies Locals i que s\u2019apliquin les mesures pertinents, ja que la situaci\u00f3 es insostenible s\u2019est\u00e0 desbordant, a banda d\u2019emerg\u00e8ncies de seguretat ciutadana, tr\u00e0nsit i vitals de tot tipus , la Policia Local de Tossa tamb\u00e9 assumeix assist\u00e8ncies socials que van m\u00e9s enll\u00e0 de les compet\u00e8ncies policials, i els agents ja no poden fer front a tots els requeriments.<\/p>\n<p>Depend\u00e8ncies policials<\/p>\n<p>Des dels Sindicats entenem que a aquesta situaci\u00f3 s\u2019arriba per una clara deixadesa del consistori. Les instal\u00b7lacions policials, tot hi haver estat l\u2019Ajuntament advertit pel Ministeri de Treball per les seves deficients condicions, no tenen cap mena de seguretat a l\u2019hora de protegir al personal administratiu o agents, posant en risc la seva integritat a la vegada que no donen ni la m\u00e9s m\u00ednima intimitat al ciutad\u00e0 que ve a denunciar un fet, ni tant sols les v\u00edctimes de viol\u00e8ncia masclista, mancades d\u2019un espai adequat perqu\u00e8 les v\u00edctimes puguin fer aquest tipus de den\u00fancies amb privadesa i unes condicions b\u00e0siques de confort i tranquil\u00b7litat. Fa falta material adequat per fer front a les necessitats dels serveis actuals. S\u2019est\u00e0 Treballant amb material precari i defectu\u00f3s.<\/p>\n<p>Les depend\u00e8ncies policials s\u00f3n del tot obsoletes. Es va fer un rentat de cara exterior el 2017 per\u00f2 fa 4 anys que esperem la promesa de l\u2019ajuntament d\u2019invertir i reformar la resta de les depend\u00e8ncies, no hi ha calefacci\u00f3 a una gran part de les depend\u00e8ncies, a la zona de cust\u00f2dia dels detinguts, ni en la de vestuaris, dutxes, sala de briefing i cuina. Els marcs de les portes estan totalment corcats per les termites i les condicions s\u00f3n insalubres. Als estius \u00e9s habitual la presencia de rates a l&#8217;interior de les depend\u00e8ncies.<\/p>\n<p>El cap de la policia.<\/p>\n<p>El problema actual de la Policia Local radica en una gesti\u00f3 deficient per part de l&#8217;ajuntament de la situaci\u00f3 i una evident i flagrant manca de direcci\u00f3 de l&#8217;actual Cap de Policies. La relacions laborals s&#8217;han de fonamentar en el respecte, l&#8217;assumpci\u00f3&nbsp;de responsabilitats, el compliment del deure i la professionalitat. Enlloc d&#8217;aix\u00f2, ens trobem per part del Cap amb greus mancances, defici\u00e8ncies i fins i tot incompliments que provoca greus disfuncions que afecten negativament i perjudiquen el servei que presta el cos de policia del nostre municipi.&nbsp;<\/p>\n<p>Per exemple, davant les repetides abs\u00e8ncies&nbsp;del Cap (la qual cosa crea una greu disfunci\u00f3), per qu\u00e8 no s&#8217;ha anomenat&nbsp;un substitut&nbsp;per a realitzar les funcions de comandament? Es va instal\u00b7lar un rellotge per a controlar l&#8217;assist\u00e8ncia,&nbsp;per qu\u00e8 no s&#8217;ha volgut fer servir mai com si que es fa a altres departaments? Qu\u00e8 ha fet l&#8217;ajuntament en relaci\u00f3 a aix\u00f2? Res!&nbsp;<\/p>\n<p>La plantilla de la policies locals creu que s\u2019hauria de fer un pla de xoc real, per\u00f2 el Cap s&#8217;ha negat a negociar qualsevol dret laboral amb els representants sindicals, actuant des de la imposici\u00f3, amb la complicitat de l&#8217;administraci\u00f3. L&#8217;ajuntament no pot al\u00b7legar en cap cas que no es coneixedora&nbsp;de la grav\u00edssima situaci\u00f3.<\/p>\n<p>Plantilla i condicions laborals<\/p>\n<p>La plantilla de la Policia Local de Tossa est\u00e0 mancada d\u2019efectius i aix\u00f2 va en detriment del servei a la ciutadania. Les condicions laborals estan per sota dels est\u00e0ndards d\u2019altres cossos de policia local. i aix\u00ed porten molt de temps, havent de cobrir torns de treball amb hores extres, ampliar jornades, anul\u00b7lant festes de quadrant, el que ha portat a aquesta situaci\u00f3 ja inaguantable i m\u00e9s quan han fet desapar\u00e8ixer places d\u2019agent, estem molt per sota de la plantilla org\u00e0nica.<\/p>\n<p>Els tres agents graduats de l\u2019\u00faltima promoci\u00f3 de l\u2019institut de Seguretat P\u00fablica han marxat a altres cossos policials, i no s\u2019han cobert aquestes places, l\u2019oferta p\u00fablica de places de comissi\u00f3 de servei ha quedat deserta, per tot aix\u00f2, exigim incrementar el nombre de policies locals a Tossa. Policies professionals i no interins, fins a cobrir totes les vacants. El nombre d\u2019agents de carrera cada vegada \u00e9s menor. Hi ha fuita d\u2019agents a altres Policies i jubilacions.<\/p>\n<p>L\u2019\u00faltima acci\u00f3 de l\u2019ajuntament ha estat, notificar de paraula aquesta setmana als tres \u00faltims agents que van aprovar l\u2019oposici\u00f3 que NO aniran a fer la formaci\u00f3 al ISPC. Una formaci\u00f3 vital , necess\u00e0ria i obligat\u00f2ria per formalitzar l\u2019oposici\u00f3.<\/p>\n<p>En el per\u00edode estival, quan el nombre de ciutadans s\u2019incrementa not\u00f2riament, la llei permet cobrir amb agents interins, que s\u00f3n sotmesos a condicions laborals d\u2019estr\u00e8s que accepten per por a no ser renovats, quedant a la plantilla per cobrir, vacances i baixes dels agents de carrera, per falta d\u2019efectius, aix\u00ed, una a atendre les nostres reivindicacions, es nega a escoltar-nos, es nega a negociar, ens menyst\u00e9 i posa en dubte les nostres actuacions. Som un servei ciutad\u00e0 essencial i un alcalde hauria de vetllar per una policia local dotada de recursos, amb unes depend\u00e8ncies adequades i unes condicions laborals dignes.<\/p>\n<p>Perjudicar a la Policia Local \u00e9s perjudicar la ciutadania ,\u00e9s perjudicar el poble.<\/p>","protected":false},"excerpt":{"rendered":"<p>COMUNICAT DE PREMSA VERS LA SITUACI\u00d3 CR\u00cdTICA DE LA POLICIA LOCAL DE TOSSA COMUNICAT DE PREMSA VERS LA SITUACI\u00d3 CR\u00cdTICA DE LA POLICIA LOCAL DE TOSSA DE MAR. JA N\u2019HI &#8230; <a title=\"JA N&#8217;HI HA PROU !!!\" class=\"read-more\" href=\"https:\/\/ccoo.app\/agrupacio-policialocal\/ja-nhi-ha-prou\/\" aria-label=\"Leer m\u00e1s sobre JA N&#8217;HI HA PROU !!!\">Leer m\u00e1s<\/a><\/p>\n","protected":false},"author":6,"featured_media":3192,"comment_status":"closed","ping_status":"closed","sticky":false,"template":"","format":"standard","meta":{"footnotes":""},"categories":[23,3,1],"tags":[],"class_list":["post-3191","post","type-post","status-publish","format-standard","has-post-thumbnail","hentry","category-general","category-noticias","category-sin-categoria","generate-columns","tablet-grid-50","mobile-grid-100","grid-parent","grid-33"],"_links":{"self":[{"href":"https:\/\/ccoo.app\/agrupacio-policialocal\/wp-json\/wp\/v2\/posts\/3191","targetHints":{"allow":["GET"]}}],"collection":[{"href":"https:\/\/ccoo.app\/agrupacio-policialocal\/wp-json\/wp\/v2\/posts"}],"about":[{"href":"https:\/\/ccoo.app\/agrupacio-policialocal\/wp-json\/wp\/v2\/types\/post"}],"author":[{"embeddable":true,"href":"https:\/\/ccoo.app\/agrupacio-policialocal\/wp-json\/wp\/v2\/users\/6"}],"replies":[{"embeddable":true,"href":"https:\/\/ccoo.app\/agrupacio-policialocal\/wp-json\/wp\/v2\/comments?post=3191"}],"version-history":[{"count":2,"href":"https:\/\/ccoo.app\/agrupacio-policialocal\/wp-json\/wp\/v2\/posts\/3191\/revisions"}],"predecessor-version":[{"id":3197,"href":"https:\/\/ccoo.app\/agrupacio-policialocal\/wp-json\/wp\/v2\/posts\/3191\/revisions\/3197"}],"wp:featuredmedia":[{"embeddable":true,"href":"https:\/\/ccoo.app\/agrupacio-policialocal\/wp-json\/wp\/v2\/media\/3192"}],"wp:attachment":[{"href":"https:\/\/ccoo.app\/agrupacio-policialocal\/wp-json\/wp\/v2\/media?parent=3191"}],"wp:term":[{"taxonomy":"category","embeddable":true,"href":"https:\/\/ccoo.app\/agrupacio-policialocal\/wp-json\/wp\/v2\/categories?post=3191"},{"taxonomy":"post_tag","embeddable":true,"href":"https:\/\/ccoo.app\/agrupacio-policialocal\/wp-json\/wp\/v2\/tags?post=3191"}],"curies":[{"name":"wp","href":"https:\/\/api.w.org\/{rel}","templated":true}]}}