{"id":3187,"date":"2022-11-02T19:58:37","date_gmt":"2022-11-02T18:58:37","guid":{"rendered":"https:\/\/ccoo.app\/agrupacio-policialocal\/?p=3187"},"modified":"2022-11-02T19:58:38","modified_gmt":"2022-11-02T18:58:38","slug":"lagrupacio-de-policies-locals-de-catalunya-juntament-amb-lacademia-espol-presenta-els-propers-cursos-de-formacio-homologats-per-lispc","status":"publish","type":"post","link":"https:\/\/ccoo.app\/agrupacio-policialocal\/lagrupacio-de-policies-locals-de-catalunya-juntament-amb-lacademia-espol-presenta-els-propers-cursos-de-formacio-homologats-per-lispc\/","title":{"rendered":"L&#8217;Agrupaci\u00f3 de Policies Locals de Catalunya juntament amb l&#8217;acad\u00e8mia ESPOL presenta els propers cursos de formaci\u00f3 homologats per l&#8217;ISPC"},"content":{"rendered":"","protected":false},"excerpt":{"rendered":"","protected":false},"author":6,"featured_media":3188,"comment_status":"closed","ping_status":"closed","sticky":true,"template":"","format":"image","meta":{"footnotes":""},"categories":[25,32],"tags":[35],"class_list":["post-3187","post","type-post","status-publish","format-image","has-post-thumbnail","hentry","category-formacio","category-formacio-policies","tag-formacio-policial","post_format-post-format-image","generate-columns","tablet-grid-50","mobile-grid-100","grid-parent","grid-33"],"_links":{"self":[{"href":"https:\/\/ccoo.app\/agrupacio-policialocal\/wp-json\/wp\/v2\/posts\/3187","targetHints":{"allow":["GET"]}}],"collection":[{"href":"https:\/\/ccoo.app\/agrupacio-policialocal\/wp-json\/wp\/v2\/posts"}],"about":[{"href":"https:\/\/ccoo.app\/agrupacio-policialocal\/wp-json\/wp\/v2\/types\/post"}],"author":[{"embeddable":true,"href":"https:\/\/ccoo.app\/agrupacio-policialocal\/wp-json\/wp\/v2\/users\/6"}],"replies":[{"embeddable":true,"href":"https:\/\/ccoo.app\/agrupacio-policialocal\/wp-json\/wp\/v2\/comments?post=3187"}],"version-history":[{"count":2,"href":"https:\/\/ccoo.app\/agrupacio-policialocal\/wp-json\/wp\/v2\/posts\/3187\/revisions"}],"predecessor-version":[{"id":3190,"href":"https:\/\/ccoo.app\/agrupacio-policialocal\/wp-json\/wp\/v2\/posts\/3187\/revisions\/3190"}],"wp:featuredmedia":[{"embeddable":true,"href":"https:\/\/ccoo.app\/agrupacio-policialocal\/wp-json\/wp\/v2\/media\/3188"}],"wp:attachment":[{"href":"https:\/\/ccoo.app\/agrupacio-policialocal\/wp-json\/wp\/v2\/media?parent=3187"}],"wp:term":[{"taxonomy":"category","embeddable":true,"href":"https:\/\/ccoo.app\/agrupacio-policialocal\/wp-json\/wp\/v2\/categories?post=3187"},{"taxonomy":"post_tag","embeddable":true,"href":"https:\/\/ccoo.app\/agrupacio-policialocal\/wp-json\/wp\/v2\/tags?post=3187"}],"curies":[{"name":"wp","href":"https:\/\/api.w.org\/{rel}","templated":true}]}}