{"id":3005,"date":"2022-01-25T18:38:33","date_gmt":"2022-01-25T17:38:33","guid":{"rendered":"https:\/\/ccoo.app\/agrupacio-policialocal\/?p=3005"},"modified":"2022-02-18T10:33:41","modified_gmt":"2022-02-18T09:33:41","slug":"noticia-exemple","status":"publish","type":"post","link":"https:\/\/ccoo.app\/agrupacio-policialocal\/noticia-exemple\/","title":{"rendered":"not\u00edcia exemple Formaci\u00f3n"},"content":{"rendered":"\n<p>L\u2019Agrupaci\u00f3 de Policies Locals de Catalunya, com a part integrant de CCOO, un sindicat de classe amb una clara identificaci\u00f3 socio-pol\u00edtica, volem defensar els drets col\u00b7lectius, fomentar la participaci\u00f3 de les nostres afiliades i afiliats i ens comprometem a ser transparents, \u00e8tics i a traslladar tota la informaci\u00f3 a totes i a tots els nostres integrants.<\/p>\n\n\n\n<div class=\"wp-block-file\"><a href=\"https:\/\/ccoo.app\/agrupacio-policialocal\/wp-content\/blogs.dir\/6\/files\/sites\/152\/2020\/02\/1776300001.pdf\">1776300001<\/a><a href=\"https:\/\/ccoo.app\/agrupacio-policialocal\/wp-content\/blogs.dir\/6\/files\/sites\/152\/2020\/02\/1776300001.pdf\" class=\"wp-block-file__button\" download>Descarga<\/a><\/div>\n\n\n\n<p>Tamb\u00e9 lluitarem per la igualtat entre dones i homes, la millora de la qualitat de vida i una major just\u00edcia social.<\/p>\n\n\n\n<p>Lluitarem per aconseguir m\u00e9s afiliaci\u00f3, ja que aquesta \u00e9s la nostra for\u00e7a i ens ha fet ser el que som avui en dia, el sindicat majoritari a Catalunya.<\/p>\n\n\n\n<p>En especial lluitarem pels Policies Locals i Vigilants de Catalunya, entenent la particularitat de la nostra feina i el nostre territori, no entrant en q\u00fcestions pol\u00edtiques, ja que aquesta no \u00e9s la nostra feina.<\/p>\n\n\n\n<p>Aix\u00ed mateix defensarem als gu\u00e0rdies, vigilants, agents, agutzils o similars com a membres del nostre col\u00b7lectiu per aconseguir que tinguin els mateixos drets i deures.<\/p>\n\n\n\n<h2 class=\"wp-block-heading\" style=\"font-size:38px;line-height:1.4\"><strong>El viaje hab\u00eda comenzado, y hab\u00eda comenzado felizmente con un suave cielo azul y un mar en calma.<\/strong><\/h2>\n\n\n\n<div class=\"wp-block-columns is-layout-flex wp-container-core-columns-is-layout-9d6595d7 wp-block-columns-is-layout-flex\">\n<div class=\"wp-block-column is-layout-flow wp-block-column-is-layout-flow\">\n<p style=\"font-size:18px\">La siguieron hasta la cubierta. Todo el humo y las casas hab\u00edan desaparecido y el barco se encontraba en un amplio espacio de mar muy fresco y limpio, aunque p\u00e1lido a la luz del amanecer. Hab\u00edan dejado a Londres sentado sobre su barro. Una delgad\u00edsima l\u00ednea de sombra se estrechaba en el horizonte, apenas lo suficientemente gruesa para soportar el peso de Par\u00eds que, sin embargo, descansaba sobre ella. Estaban libres de caminos, libres de la humanidad y el mismo regocijo por su libertad los recorr\u00eda a todos.<\/p>\n<\/div>\n\n\n\n<div class=\"wp-block-column is-layout-flow wp-block-column-is-layout-flow\">\n<p style=\"font-size:18px\">El barco avanzaba con paso firme a trav\u00e9s de peque\u00f1as olas que lo abofeteaban y, luego, se desvanec\u00edan como agua efervescente, dejando un peque\u00f1o borde de burbujas y espuma a ambos lados. El cielo incoloro de octubre estaba ligeramente nublado, como si se tratara de un rastro de humo de una hoguera, y el aire era maravillosamente salado y en\u00e9rgico. De hecho, hac\u00eda demasiado fr\u00edo para quedarse quieto. La Sra. Ambrose se abraz\u00f3 a su marido y, mientras se alejaban, se pod\u00eda ver, por la forma en que su mejilla inclinada se acercaba a la de \u00e9l, que ten\u00eda algo privado que comunicarle.<\/p>\n<\/div>\n<\/div>\n","protected":false},"excerpt":{"rendered":"<p>L\u2019Agrupaci\u00f3 de Policies Locals de Catalunya, com a part integrant de CCOO, un sindicat de classe amb una clara identificaci\u00f3 socio-pol\u00edtica, volem defensar els drets col\u00b7lectius, fomentar la participaci\u00f3 de &#8230; <a title=\"not\u00edcia exemple Formaci\u00f3n\" class=\"read-more\" href=\"https:\/\/ccoo.app\/agrupacio-policialocal\/noticia-exemple\/\" aria-label=\"Leer m\u00e1s sobre not\u00edcia exemple Formaci\u00f3n\">Leer m\u00e1s<\/a><\/p>\n","protected":false},"author":6,"featured_media":2934,"comment_status":"closed","ping_status":"closed","sticky":false,"template":"","format":"standard","meta":{"footnotes":""},"categories":[24,27,25,32,26,29,28,22],"tags":[],"class_list":["post-3005","post","type-post","status-publish","format-standard","has-post-thumbnail","hentry","category-acords","category-documents","category-formacio","category-formacio-policies","category-legislacio","category-notes","category-permutes","category-xerta-noticies","generate-columns","tablet-grid-50","mobile-grid-100","grid-parent","grid-33"],"_links":{"self":[{"href":"https:\/\/ccoo.app\/agrupacio-policialocal\/wp-json\/wp\/v2\/posts\/3005","targetHints":{"allow":["GET"]}}],"collection":[{"href":"https:\/\/ccoo.app\/agrupacio-policialocal\/wp-json\/wp\/v2\/posts"}],"about":[{"href":"https:\/\/ccoo.app\/agrupacio-policialocal\/wp-json\/wp\/v2\/types\/post"}],"author":[{"embeddable":true,"href":"https:\/\/ccoo.app\/agrupacio-policialocal\/wp-json\/wp\/v2\/users\/6"}],"replies":[{"embeddable":true,"href":"https:\/\/ccoo.app\/agrupacio-policialocal\/wp-json\/wp\/v2\/comments?post=3005"}],"version-history":[{"count":4,"href":"https:\/\/ccoo.app\/agrupacio-policialocal\/wp-json\/wp\/v2\/posts\/3005\/revisions"}],"predecessor-version":[{"id":3050,"href":"https:\/\/ccoo.app\/agrupacio-policialocal\/wp-json\/wp\/v2\/posts\/3005\/revisions\/3050"}],"wp:featuredmedia":[{"embeddable":true,"href":"https:\/\/ccoo.app\/agrupacio-policialocal\/wp-json\/wp\/v2\/media\/2934"}],"wp:attachment":[{"href":"https:\/\/ccoo.app\/agrupacio-policialocal\/wp-json\/wp\/v2\/media?parent=3005"}],"wp:term":[{"taxonomy":"category","embeddable":true,"href":"https:\/\/ccoo.app\/agrupacio-policialocal\/wp-json\/wp\/v2\/categories?post=3005"},{"taxonomy":"post_tag","embeddable":true,"href":"https:\/\/ccoo.app\/agrupacio-policialocal\/wp-json\/wp\/v2\/tags?post=3005"}],"curies":[{"name":"wp","href":"https:\/\/api.w.org\/{rel}","templated":true}]}}