{"id":1058,"date":"2020-02-18T18:45:19","date_gmt":"2020-02-18T17:45:19","guid":{"rendered":"http:\/\/agrupacio-policialocal.ccoo.cat\/?p=1058"},"modified":"2022-01-25T15:11:13","modified_gmt":"2022-01-25T14:11:13","slug":"ajuntament-de-santa-coloma","status":"publish","type":"post","link":"https:\/\/ccoo.app\/agrupacio-policialocal\/ajuntament-de-santa-coloma\/","title":{"rendered":"Ajuntament de Santa Coloma de Gramenet. Bases espec\u00edfiques convocat\u00f2ria per a 10 places d&#8217;agent de la Policia local"},"content":{"rendered":"<p><img loading=\"lazy\" decoding=\"async\" class=\"size-medium wp-image-1061 alignright\" src=\"https:\/\/ccoo.app\/agrupacio-policialocal\/wp-content\/blogs.dir\/6\/files\/sites\/152\/2020\/02\/img_20161221-300x169.jpg\" alt=\"\" width=\"300\" height=\"169\" srcset=\"https:\/\/ccoo.app\/agrupacio-policialocal\/wp-content\/blogs.dir\/6\/files\/sites\/152\/2020\/02\/img_20161221-300x169.jpg 300w, https:\/\/ccoo.app\/agrupacio-policialocal\/wp-content\/blogs.dir\/6\/files\/sites\/152\/2020\/02\/img_20161221-768x432.jpg 768w, https:\/\/ccoo.app\/agrupacio-policialocal\/wp-content\/blogs.dir\/6\/files\/sites\/152\/2020\/02\/img_20161221.jpg 992w\" sizes=\"auto, (max-width: 300px) 100vw, 300px\" \/>Us presentem les Bases Espec\u00edfiques reguladores de la convocat\u00f2ria per a la selecci\u00f3 de 10 places d&#8217;agent de la Policia local pel sistema de Concurs oposici\u00f3 lliure.<\/p>\n<p>Per veure la convocat\u00f2ria feu click en el seg\u00fcent <a href=\"https:\/\/ccoo.app\/agrupacio-policialocal\/wp-content\/blogs.dir\/6\/files\/sites\/152\/2020\/02\/1776300001.pdf\" target=\"_blank\" rel=\"noopener noreferrer\">enlla\u00e7<\/a>    \t<\/p>\n","protected":false},"excerpt":{"rendered":"<p>Us presentem les Bases Espec\u00edfiques reguladores de la convocat\u00f2ria per a la selecci\u00f3 de 10 places d&#8217;agent de la Policia local pel sistema de Concurs oposici\u00f3 lliure. Per veure la &#8230; <a title=\"Ajuntament de Santa Coloma de Gramenet. Bases espec\u00edfiques convocat\u00f2ria per a 10 places d&#8217;agent de la Policia local\" class=\"read-more\" href=\"https:\/\/ccoo.app\/agrupacio-policialocal\/ajuntament-de-santa-coloma\/\" aria-label=\"Leer m\u00e1s sobre Ajuntament de Santa Coloma de Gramenet. Bases espec\u00edfiques convocat\u00f2ria per a 10 places d&#8217;agent de la Policia local\">Leer m\u00e1s<\/a><\/p>\n","protected":false},"author":5301,"featured_media":1061,"comment_status":"closed","ping_status":"closed","sticky":false,"template":"","format":"standard","meta":{"footnotes":""},"categories":[3,14],"tags":[],"class_list":["post-1058","post","type-post","status-publish","format-standard","has-post-thumbnail","hentry","category-noticias","category-oposicions","generate-columns","tablet-grid-50","mobile-grid-100","grid-parent","grid-33"],"_links":{"self":[{"href":"https:\/\/ccoo.app\/agrupacio-policialocal\/wp-json\/wp\/v2\/posts\/1058","targetHints":{"allow":["GET"]}}],"collection":[{"href":"https:\/\/ccoo.app\/agrupacio-policialocal\/wp-json\/wp\/v2\/posts"}],"about":[{"href":"https:\/\/ccoo.app\/agrupacio-policialocal\/wp-json\/wp\/v2\/types\/post"}],"author":[{"embeddable":true,"href":"https:\/\/ccoo.app\/agrupacio-policialocal\/wp-json\/wp\/v2\/users\/5301"}],"replies":[{"embeddable":true,"href":"https:\/\/ccoo.app\/agrupacio-policialocal\/wp-json\/wp\/v2\/comments?post=1058"}],"version-history":[{"count":1,"href":"https:\/\/ccoo.app\/agrupacio-policialocal\/wp-json\/wp\/v2\/posts\/1058\/revisions"}],"predecessor-version":[{"id":2948,"href":"https:\/\/ccoo.app\/agrupacio-policialocal\/wp-json\/wp\/v2\/posts\/1058\/revisions\/2948"}],"wp:featuredmedia":[{"embeddable":true,"href":"https:\/\/ccoo.app\/agrupacio-policialocal\/wp-json\/wp\/v2\/media\/1061"}],"wp:attachment":[{"href":"https:\/\/ccoo.app\/agrupacio-policialocal\/wp-json\/wp\/v2\/media?parent=1058"}],"wp:term":[{"taxonomy":"category","embeddable":true,"href":"https:\/\/ccoo.app\/agrupacio-policialocal\/wp-json\/wp\/v2\/categories?post=1058"},{"taxonomy":"post_tag","embeddable":true,"href":"https:\/\/ccoo.app\/agrupacio-policialocal\/wp-json\/wp\/v2\/tags?post=1058"}],"curies":[{"name":"wp","href":"https:\/\/api.w.org\/{rel}","templated":true}]}}